{"id":83318,"date":"2026-01-27T11:54:52","date_gmt":"2026-01-27T08:54:52","guid":{"rendered":"https:\/\/www.egemtv.com\/?p=83318"},"modified":"2026-01-27T11:54:53","modified_gmt":"2026-01-27T08:54:53","slug":"yeni-yilin-ilk-istihdam-kurulu-toplantisi-yapildi-2","status":"publish","type":"post","link":"https:\/\/www.egemtv.com\/?p=83318","title":{"rendered":"Yeni y\u0131l\u0131n ilk istihdam kurulu toplant\u0131s\u0131 yap\u0131ld\u0131"},"content":{"rendered":"<p>\u00dclke genelindeki \u00f6nemli tar\u0131m ve sanayi kentlerinden olan Ayd\u0131n\u2019da, yeni y\u0131l\u0131n ilk \u0130stihdam Kurulu Toplant\u0131s\u0131 yap\u0131l\u0131rken, il genelinde kay\u0131tl\u0131 i\u015fg\u00fcc\u00fc say\u0131s\u0131 100 bin 93 oldu.<\/p>\n<p>Ayd\u0131n \u0130l \u0130stihdam Kurulu Mesleki E\u011fitim Kurulu Toplant\u0131s\u0131, Ayd\u0131n Valisi Yakup Canbolat ba\u015fkanl\u0131\u011f\u0131nda ger\u00e7ekle\u015ftirildi. Ayd\u0131n\u2019\u0131n, i\u015fg\u00fcc\u00fc istihdam ve mesleki e\u011fitim ihtiyac\u0131n\u0131 tespit etmek, mesleki ve teknik e\u011fitim okul ve kurumlar\u0131 ile i\u015fletmelerde yap\u0131lacak mesleki e\u011fitim ve istihdam konular\u0131nda etkinlik ve verimlili\u011fi art\u0131rmak amac\u0131yla d\u00fczenlenen Ayd\u0131n \u0130l \u0130stihdam Kurulu Mesleki E\u011fitim Kurulu Toplant\u0131s\u0131\u2019nda Ayd\u0131n genelindeki i\u015fg\u00fcc\u00fc say\u0131s\u0131 a\u00e7\u0131kland\u0131.<br \/>\n<br \/>Ekim 2025 verilerine g\u00f6re Ayd\u0131n genelinde toplam 33 bin 236 i\u015fyerinin 193 bin 669 \u00e7al\u0131\u015fan\u0131 bulunuyor. 0-9 aras\u0131 \u00e7al\u0131\u015fan\u0131 bulunan i\u015fyeri say\u0131s\u0131 29 bin 994 olurken, 10-49 aras\u0131 \u00e7al\u0131\u015fan\u0131 olan i\u015fyeri say\u0131s\u0131 2 bin 807, 50 ve \u00fczeri \u00e7al\u0131\u015fan\u0131 bulunan i\u015fyeri say\u0131s\u0131 ise 435 oldu.<\/p>\n<p>Ayd\u0131n, Denizli, Mu\u011fla illerini kapsayan TR32 b\u00f6lgesindeki verilerine g\u00f6re 2024 y\u0131l\u0131nda i\u015fg\u00fcc\u00fcne kat\u0131lma oran\u0131 y\u00fczde 55,6, istihdam oran\u0131 y\u00fczde 51,1 olarak ger\u00e7ekle\u015firken, i\u015fsizlik oran\u0131 ise y\u00fczde 8,2 oldu. Ayd\u0131n\u2019da ise bu oran y\u00fczde 10,1 oldu.<\/p>\n<p>2025 y\u0131l\u0131 Aral\u0131k ay\u0131 itibariyle 48 bin 290\u2019\u0131 erkek, 51 bin 803\u2019\u00fc kad\u0131n olmak \u00fczere toplam 100 bin 93 kay\u0131tl\u0131 i\u015fg\u00fcc\u00fc bulunurken, 2025 Ocak-Aral\u0131k d\u00f6neminde i\u015f bulma kurumuna kay\u0131tl\u0131 \u00f6zel sekt\u00f6r i\u015fyerlerinden toplam 38 bin 160 a\u00e7\u0131k i\u015f ilan\u0131 al\u0131n\u0131rken, 2025 Ocak-Aral\u0131k d\u00f6neminde 771\u2019i engelli, 4\u2019\u00fc eski h\u00fck\u00fcml\u00fc olmak \u00fczere toplam 26 bin 140 i\u015f arayan\u0131n i\u015fverenlerle e\u015fle\u015fmesi sa\u011fland\u0131.<\/p>\n<p>2025 y\u0131l\u0131 Ocak-Aral\u0131k d\u00f6neminde dan\u0131\u015fmanl\u0131k kapsam\u0131nda yap\u0131lan g\u00f6r\u00fc\u015fme say\u0131s\u0131 35 bin 439, \u00f6zel sekt\u00f6r i\u015fyeri ziyareti say\u0131s\u0131 11 bin 784, grup g\u00f6r\u00fc\u015fmesi \u00f6\u011frenci say\u0131s\u0131 ise 9 bin 940, \u0130\u015f Kul\u00fcb\u00fc kat\u0131l\u0131mc\u0131 say\u0131s\u0131 bin 500 olarak ger\u00e7ekle\u015fti.<br \/>\n<br \/>Ayd\u0131n\u2019da 2025 Ocak &#8211; Aral\u0131k d\u00f6neminde d\u00fczenlenen Aktif \u0130\u015fg\u00fcc\u00fc Program\u0131 \u00e7er\u00e7evesinde 334 adet \u0130\u015fba\u015f\u0131 E\u011fitim program\u0131ndan toplam bin 170 ki\u015fi faydalan\u0131rken, 36 adet Toplum Yarar\u0131na Program\u2019dan (TYP) toplam bin 887 ki\u015fi faydaland\u0131. Ayr\u0131ca Eyl\u00fcl 2024 itibariyle hayata ge\u00e7en \u0130\u015fg\u00fcc\u00fc Uyum Programlar\u0131 kapsam\u0131nda 39 ayr\u0131 programdan bin 992 ki\u015fi faydaland\u0131. 2025 y\u0131l\u0131 kurs ve i\u015fba\u015f\u0131 e\u011fitim programlar\u0131 697, toplum yarar\u0131na programlar ve i\u015fg\u00fcc\u00fc uyum programlar\u0131 ise 688 defa denetim kurulu taraf\u0131ndan denetlendi.<\/p>\n<p>772 milyon i\u015fsizlik \u00f6dene\u011fi yap\u0131ld\u0131<br \/>\n<br \/>Ayd\u0131n\u2019da 2025 y\u0131l\u0131 Ocak-Aral\u0131k aylar\u0131 aras\u0131nda \u0130\u015fba\u015f\u0131 E\u011fitim, N\u0130YEP, K\u0130PAP Programlar\u0131 i\u00e7in 79 milyon 432 bin 161 TL, Toplum Yarar\u0131na Programlar i\u00e7in 162 milyon 528 bin 60 TL, \u0130\u015fg\u00fcc\u00fc Uyum Programlar\u0131 ve Gen\u00e7lik Programlar\u0131 i\u00e7in 357 milyon 950 bin 984 TL olmak \u00fczere kurs ve programlar i\u00e7in toplamda 599 milyon 910 bin 206 TL \u00f6deme yap\u0131ld\u0131.<br \/>\n<br \/>\u0130\u015fsizlik Sigortas\u0131 Fonu \u00e7er\u00e7evesinde ise Ayd\u0131n\u2019da 2025 Ocak &#8211; Aral\u0131k aylar\u0131 i\u00e7erisinde 16 bin 981 ki\u015fi i\u015fsizlik \u00f6dene\u011finden faydalan\u0131rken, bu ki\u015filere toplamda 772 milyon 728 bin 125 TL \u00f6deme yap\u0131ld\u0131.<br \/>\n<br \/>2026\u2019da 12 proje ba\u015fvurusu yap\u0131ld\u0131<br \/>\n<br \/>Engelli ve eski h\u00fck\u00fcml\u00fc hibe projeleri \u00e7er\u00e7evesinde ise 2025 y\u0131l\u0131nda toplam 45 projenin ba\u015fvurusu yap\u0131ld\u0131. \u0130stihdam kuruluna sunulan ba\u015fvurular, oy birli\u011fi ile kabul edilirken, 38 proje kabul edildi. Kabul edilen projelerden 9\u2019u i\u015fyerini a\u00e7t\u0131, 5 projenin ise i\u015fyeri a\u00e7ma s\u00fcreci devam ediyor. 2026 y\u0131l\u0131n\u0131n birinci d\u00f6neminde ise 8\u2019i engelli 4\u2019\u00fc eski h\u00fck\u00fcml\u00fc olmak \u00fczere 12 proje ba\u015fvurusu yap\u0131ld\u0131.<br \/><\/p>\n","protected":false},"excerpt":{"rendered":"<p>\u00dclke genelindeki \u00f6nemli tar\u0131m ve sanayi kentlerinden olan Ayd\u0131n\u2019da, yeni y\u0131l\u0131n ilk \u0130stihdam Kurulu Toplant\u0131s\u0131 yap\u0131l\u0131rken, il genelinde kay\u0131tl\u0131 i\u015fg\u00fcc\u00fc say\u0131s\u0131 100 bin 93 oldu. Ayd\u0131n \u0130l \u0130stihdam Kurulu Mesleki E\u011fitim Kurulu Toplant\u0131s\u0131, Ayd\u0131n Valisi Yakup Canbolat ba\u015fkanl\u0131\u011f\u0131nda ger\u00e7ekle\u015ftirildi. Ayd\u0131n\u2019\u0131n, i\u015fg\u00fcc\u00fc istihdam ve mesleki e\u011fitim ihtiyac\u0131n\u0131 tespit etmek, mesleki ve teknik e\u011fitim okul ve kurumlar\u0131&#8230;<\/p>\n","protected":false},"author":1,"featured_media":83319,"comment_status":"open","ping_status":"open","sticky":false,"template":"","format":"standard","meta":{"_crdt_document":"","footnotes":""},"categories":[125],"tags":[],"class_list":["post-83318","post","type-post","status-publish","format-standard","has-post-thumbnail","hentry","category-ekonomi"],"_links":{"self":[{"href":"https:\/\/www.egemtv.com\/index.php?rest_route=\/wp\/v2\/posts\/83318","targetHints":{"allow":["GET"]}}],"collection":[{"href":"https:\/\/www.egemtv.com\/index.php?rest_route=\/wp\/v2\/posts"}],"about":[{"href":"https:\/\/www.egemtv.com\/index.php?rest_route=\/wp\/v2\/types\/post"}],"author":[{"embeddable":true,"href":"https:\/\/www.egemtv.com\/index.php?rest_route=\/wp\/v2\/users\/1"}],"replies":[{"embeddable":true,"href":"https:\/\/www.egemtv.com\/index.php?rest_route=%2Fwp%2Fv2%2Fcomments&post=83318"}],"version-history":[{"count":1,"href":"https:\/\/www.egemtv.com\/index.php?rest_route=\/wp\/v2\/posts\/83318\/revisions"}],"predecessor-version":[{"id":83320,"href":"https:\/\/www.egemtv.com\/index.php?rest_route=\/wp\/v2\/posts\/83318\/revisions\/83320"}],"wp:featuredmedia":[{"embeddable":true,"href":"https:\/\/www.egemtv.com\/index.php?rest_route=\/wp\/v2\/media\/83319"}],"wp:attachment":[{"href":"https:\/\/www.egemtv.com\/index.php?rest_route=%2Fwp%2Fv2%2Fmedia&parent=83318"}],"wp:term":[{"taxonomy":"category","embeddable":true,"href":"https:\/\/www.egemtv.com\/index.php?rest_route=%2Fwp%2Fv2%2Fcategories&post=83318"},{"taxonomy":"post_tag","embeddable":true,"href":"https:\/\/www.egemtv.com\/index.php?rest_route=%2Fwp%2Fv2%2Ftags&post=83318"}],"curies":[{"name":"wp","href":"https:\/\/api.w.org\/{rel}","templated":true}]}}