{"id":83312,"date":"2026-01-27T11:35:37","date_gmt":"2026-01-27T08:35:37","guid":{"rendered":"https:\/\/www.egemtv.com\/?p=83312"},"modified":"2026-01-27T11:35:38","modified_gmt":"2026-01-27T08:35:38","slug":"koycegizli-taekwondocu-karakas-turkiye-sampiyonasi-vizesi-aldi","status":"publish","type":"post","link":"https:\/\/www.egemtv.com\/?p=83312","title":{"rendered":"K\u00f6yce\u011fizli Taekwondocu Karaka\u015f, T\u00fcrkiye \u015fampiyonas\u0131 vizesi ald\u0131"},"content":{"rendered":"<p>Mu\u011fla\u2019n\u0131n K\u00f6yce\u011fiz il\u00e7esi Akademi Spor Kul\u00fcb\u00fc Taekwondo sporcusu Azra Karaka\u015f T\u00fcrkiye \u015eampiyonas\u0131na kat\u0131lma vizesi ald\u0131.<\/p>\n<p>T\u00fcrkiye Taekwondo Federasyonu taraf\u0131ndan Alanya\u2019da d\u00fczenlenen Gen\u00e7ler Bat\u0131 Grubu M\u00fcsabakalar\u0131\u2019nda m\u00fccadele eden K\u00f6yce\u011fizli sporcu Azra Karaka\u015f, 68 kg Gen\u00e7 Bayanlar kategorisinde 114 sporcu aras\u0131nda T\u00fcrkiye be\u015fincisi oldu. T\u00fcrkiye Taekwondo Federasyonu taraf\u0131ndan d\u00fczenlenen Taekwondo Gen\u00e7ler Bat\u0131 Grubu M\u00fcsabakalar\u0131, Alanya Atat\u00fcrk Spor Salonu\u2019nda ger\u00e7ekle\u015ftirildi. T\u00fcrkiye\u2019nin farkl\u0131 illerinden 5000 sporcunun kat\u0131ld\u0131\u011f\u0131 organizasyon, Taekwondo sporcular\u0131n\u0131n k\u0131yas\u0131ya m\u00fccadelesine sahne oldu. M\u00fcsabakalarda Mu\u011fla\u2019y\u0131 temsil eden Azra Karaka\u015f, 68 kg Gen\u00e7 Bayanlar kategorisinde \u00f6nemli bir ba\u015far\u0131ya imza att\u0131. Toplam 114 sporcunun yer ald\u0131\u011f\u0131 zorlu grupta 4 ma\u00e7 yapan Karaka\u015f, sergiledi\u011fi performansla finale y\u00fckselerek T\u00fcrkiye be\u015fincisi oldu ve Mu\u011fla\u2019ya b\u00fcy\u00fck gurur ya\u015fatt\u0131. Bu sonu\u00e7la Azra Karaka\u015f Ankara\u2019da yap\u0131lacak T\u00fcrkiye \u015eampiyonas\u0131na kat\u0131lacak.<br \/><\/p>\n","protected":false},"excerpt":{"rendered":"<p>Mu\u011fla\u2019n\u0131n K\u00f6yce\u011fiz il\u00e7esi Akademi Spor Kul\u00fcb\u00fc Taekwondo sporcusu Azra Karaka\u015f T\u00fcrkiye \u015eampiyonas\u0131na kat\u0131lma vizesi ald\u0131. T\u00fcrkiye Taekwondo Federasyonu taraf\u0131ndan Alanya\u2019da d\u00fczenlenen Gen\u00e7ler Bat\u0131 Grubu M\u00fcsabakalar\u0131\u2019nda m\u00fccadele eden K\u00f6yce\u011fizli sporcu Azra Karaka\u015f, 68 kg Gen\u00e7 Bayanlar kategorisinde 114 sporcu aras\u0131nda T\u00fcrkiye be\u015fincisi oldu. T\u00fcrkiye Taekwondo Federasyonu taraf\u0131ndan d\u00fczenlenen Taekwondo Gen\u00e7ler Bat\u0131 Grubu M\u00fcsabakalar\u0131, Alanya Atat\u00fcrk Spor&#8230;<\/p>\n","protected":false},"author":1,"featured_media":83313,"comment_status":"open","ping_status":"open","sticky":false,"template":"","format":"standard","meta":{"_crdt_document":"","footnotes":""},"categories":[4],"tags":[],"class_list":["post-83312","post","type-post","status-publish","format-standard","has-post-thumbnail","hentry","category-spor"],"_links":{"self":[{"href":"https:\/\/www.egemtv.com\/index.php?rest_route=\/wp\/v2\/posts\/83312","targetHints":{"allow":["GET"]}}],"collection":[{"href":"https:\/\/www.egemtv.com\/index.php?rest_route=\/wp\/v2\/posts"}],"about":[{"href":"https:\/\/www.egemtv.com\/index.php?rest_route=\/wp\/v2\/types\/post"}],"author":[{"embeddable":true,"href":"https:\/\/www.egemtv.com\/index.php?rest_route=\/wp\/v2\/users\/1"}],"replies":[{"embeddable":true,"href":"https:\/\/www.egemtv.com\/index.php?rest_route=%2Fwp%2Fv2%2Fcomments&post=83312"}],"version-history":[{"count":1,"href":"https:\/\/www.egemtv.com\/index.php?rest_route=\/wp\/v2\/posts\/83312\/revisions"}],"predecessor-version":[{"id":83314,"href":"https:\/\/www.egemtv.com\/index.php?rest_route=\/wp\/v2\/posts\/83312\/revisions\/83314"}],"wp:featuredmedia":[{"embeddable":true,"href":"https:\/\/www.egemtv.com\/index.php?rest_route=\/wp\/v2\/media\/83313"}],"wp:attachment":[{"href":"https:\/\/www.egemtv.com\/index.php?rest_route=%2Fwp%2Fv2%2Fmedia&parent=83312"}],"wp:term":[{"taxonomy":"category","embeddable":true,"href":"https:\/\/www.egemtv.com\/index.php?rest_route=%2Fwp%2Fv2%2Fcategories&post=83312"},{"taxonomy":"post_tag","embeddable":true,"href":"https:\/\/www.egemtv.com\/index.php?rest_route=%2Fwp%2Fv2%2Ftags&post=83312"}],"curies":[{"name":"wp","href":"https:\/\/api.w.org\/{rel}","templated":true}]}}