{"id":83309,"date":"2026-01-27T11:15:07","date_gmt":"2026-01-27T08:15:07","guid":{"rendered":"https:\/\/www.egemtv.com\/?p=83309"},"modified":"2026-01-27T11:15:08","modified_gmt":"2026-01-27T08:15:08","slug":"nazilli-belediyesi-personellerinin-calisma-sartlari-iyilestirildi","status":"publish","type":"post","link":"https:\/\/www.egemtv.com\/?p=83309","title":{"rendered":"Nazilli Belediyesi personellerinin \u00e7al\u0131\u015fma \u015fartlar\u0131 iyile\u015ftirildi"},"content":{"rendered":"<p>Nazilli Belediyesi\u2019nde g\u00f6rev yapan saha personelleri, Belediye Ba\u015fkan\u0131 Dr. Ertu\u011frul Tetik\u2019e belediye b\u00fcnyesinde ger\u00e7ekle\u015ftirilen \u00e7al\u0131\u015fma iyile\u015ftirmeleri dolay\u0131s\u0131yla te\u015fekk\u00fcr etti.<\/p>\n<p>Park ve Bah\u00e7eler M\u00fcd\u00fcrl\u00fc\u011f\u00fc ile Temizlik \u0130\u015fleri M\u00fcd\u00fcrl\u00fc\u011f\u00fc\u2019ne ba\u011fl\u0131 personeller, yap\u0131lan d\u00fczenlemelerden duyduklar\u0131 memnuniyeti dile getirerek Ba\u015fkan Tetik\u2019e \u00e7i\u00e7ek takdiminde bulundu.<\/p>\n<p>G\u00f6reve geldi\u011fi g\u00fcnden bu yana personel odakl\u0131 \u00e7al\u0131\u015fmalar y\u00fcr\u00fcten; maa\u015f d\u00fczenlemeleri, saha ekiplerinin kulland\u0131\u011f\u0131 ekipmanlar\u0131n yenilenmesi ve belediye ara\u00e7 filosuna kazand\u0131r\u0131lan yeni ara\u00e7larla \u00e7al\u0131\u015fma \u015fartlar\u0131n\u0131 \u00f6nemli \u00f6l\u00e7\u00fcde iyile\u015ftiren Ba\u015fkan Tetik, bu ad\u0131mlarla hem i\u015f verimlili\u011fini art\u0131rd\u0131 hem de personel motivasyonunu y\u00fckseltti.<\/p>\n<p>Sahada \u00e7al\u0131\u015fan ekiplerin ihtiya\u00e7lar\u0131n\u0131 dikkate alarak emeklerinin kar\u015f\u0131l\u0131\u011f\u0131n\u0131n verilmesi i\u00e7in titizlikle \u00e7al\u0131\u015ft\u0131klar\u0131n\u0131 kaydeden Ba\u015fkan Tetik, &#8220;Personelimizin daha iyi \u015fartlarda \u00e7al\u0131\u015fmas\u0131, vatanda\u015flar\u0131m\u0131za sundu\u011fumuz hizmetin kalitesini do\u011frudan etkiliyor. T\u00fcm ekiplerimize \u00f6zverili \u00e7al\u0131\u015fmalar\u0131ndan dolay\u0131 te\u015fekk\u00fcr ediyorum. Hep birlikte Nazillimiz i\u00e7in \u00e7al\u0131\u015fmaya devam edece\u011fiz&#8221; dedi.<br \/><\/p>\n","protected":false},"excerpt":{"rendered":"<p>Nazilli Belediyesi\u2019nde g\u00f6rev yapan saha personelleri, Belediye Ba\u015fkan\u0131 Dr. Ertu\u011frul Tetik\u2019e belediye b\u00fcnyesinde ger\u00e7ekle\u015ftirilen \u00e7al\u0131\u015fma iyile\u015ftirmeleri dolay\u0131s\u0131yla te\u015fekk\u00fcr etti. Park ve Bah\u00e7eler M\u00fcd\u00fcrl\u00fc\u011f\u00fc ile Temizlik \u0130\u015fleri M\u00fcd\u00fcrl\u00fc\u011f\u00fc\u2019ne ba\u011fl\u0131 personeller, yap\u0131lan d\u00fczenlemelerden duyduklar\u0131 memnuniyeti dile getirerek Ba\u015fkan Tetik\u2019e \u00e7i\u00e7ek takdiminde bulundu. G\u00f6reve geldi\u011fi g\u00fcnden bu yana personel odakl\u0131 \u00e7al\u0131\u015fmalar y\u00fcr\u00fcten; maa\u015f d\u00fczenlemeleri, saha ekiplerinin kulland\u0131\u011f\u0131 ekipmanlar\u0131n&#8230;<\/p>\n","protected":false},"author":1,"featured_media":83310,"comment_status":"open","ping_status":"open","sticky":false,"template":"","format":"standard","meta":{"_crdt_document":"","footnotes":""},"categories":[1],"tags":[],"class_list":["post-83309","post","type-post","status-publish","format-standard","has-post-thumbnail","hentry","category-guncel"],"_links":{"self":[{"href":"https:\/\/www.egemtv.com\/index.php?rest_route=\/wp\/v2\/posts\/83309","targetHints":{"allow":["GET"]}}],"collection":[{"href":"https:\/\/www.egemtv.com\/index.php?rest_route=\/wp\/v2\/posts"}],"about":[{"href":"https:\/\/www.egemtv.com\/index.php?rest_route=\/wp\/v2\/types\/post"}],"author":[{"embeddable":true,"href":"https:\/\/www.egemtv.com\/index.php?rest_route=\/wp\/v2\/users\/1"}],"replies":[{"embeddable":true,"href":"https:\/\/www.egemtv.com\/index.php?rest_route=%2Fwp%2Fv2%2Fcomments&post=83309"}],"version-history":[{"count":1,"href":"https:\/\/www.egemtv.com\/index.php?rest_route=\/wp\/v2\/posts\/83309\/revisions"}],"predecessor-version":[{"id":83311,"href":"https:\/\/www.egemtv.com\/index.php?rest_route=\/wp\/v2\/posts\/83309\/revisions\/83311"}],"wp:featuredmedia":[{"embeddable":true,"href":"https:\/\/www.egemtv.com\/index.php?rest_route=\/wp\/v2\/media\/83310"}],"wp:attachment":[{"href":"https:\/\/www.egemtv.com\/index.php?rest_route=%2Fwp%2Fv2%2Fmedia&parent=83309"}],"wp:term":[{"taxonomy":"category","embeddable":true,"href":"https:\/\/www.egemtv.com\/index.php?rest_route=%2Fwp%2Fv2%2Fcategories&post=83309"},{"taxonomy":"post_tag","embeddable":true,"href":"https:\/\/www.egemtv.com\/index.php?rest_route=%2Fwp%2Fv2%2Ftags&post=83309"}],"curies":[{"name":"wp","href":"https:\/\/api.w.org\/{rel}","templated":true}]}}