{"id":83306,"date":"2026-01-27T11:15:05","date_gmt":"2026-01-27T08:15:05","guid":{"rendered":"https:\/\/www.egemtv.com\/?p=83306"},"modified":"2026-01-27T11:15:07","modified_gmt":"2026-01-27T08:15:07","slug":"asker-adaylari-ilk-nobetlerini-koylerindeki-bu-tepede-tutuyor","status":"publish","type":"post","link":"https:\/\/www.egemtv.com\/?p=83306","title":{"rendered":"Asker adaylar\u0131 ilk n\u00f6betlerini k\u00f6ylerindeki bu tepede tutuyor"},"content":{"rendered":"<p>Afyonkarahisar\u2019\u0131n Sand\u0131kl\u0131 il\u00e7esine ba\u011fl\u0131 Akhar\u0131m beldesinde asker adaylar\u0131 her y\u0131l askere gitmeden \u00f6nce 1 ay boyunca k\u00f6ylerinde bulunan Bayrak Tepe\u2019de n\u00f6bet tutuyor.<br \/>\n<br \/>Akhar\u0131m beldesinde her y\u0131l asker adaylar\u0131 i\u00e7in son 1 ay etkinlik d\u00fczenleniyor. Bu etkinlikler \u00e7er\u00e7evesinde asker adaylar\u0131na her g\u00fcn bir ba\u015fka aile taraf\u0131ndan yemek ikram\u0131 yap\u0131l\u0131rken mevlit okunup dua ediliyor. Etkinlikler \u00e7er\u00e7evesinde gen\u00e7ler k\u00f6y\u00fcn hemen \u00fcst k\u0131sm\u0131nda bulunan tepede 1 ay boyunca s\u0131rayla n\u00f6bet tutuyor. Ge\u00e7ti\u011fimiz y\u0131llarda yine gen\u00e7ler taraf\u0131ndan tepeye parke ta\u015flar\u0131 kullan\u0131larak 100 metrekarelik T\u00fcrk bayra\u011f\u0131 yap\u0131lm\u0131\u015ft\u0131.<br \/>\n<br \/>Asker aday\u0131 Y\u00fcksel Tekin beldedeki bu g\u00fczel adeti ya\u015fatt\u0131klar\u0131 i\u00e7in \u00e7ok mutlu oldu\u011funu s\u00f6yleyerek, &#8220;Akhar\u0131m beldemizin gelenek, g\u00f6renek ve adetleri vard\u0131r. Bizde bunlara ayak uyduruyoruz. Bundan dolay\u0131 askere gitmeden 30 g\u00fcn \u00f6nce k\u00f6y\u00fcm\u00fczde asker adaylar\u0131 davet edilir. E\u011flenceler olur. Mevlit okunur. 2012 y\u0131l\u0131nda da askere gidecek abilerimiz bu tepeye bu bayra\u011f\u0131 yapm\u0131\u015flar. 2012 y\u0131l\u0131ndan beri her sene asker adaylar\u0131m\u0131z burada n\u00f6bet tutar&#8221; dedi<br \/><\/p>\n","protected":false},"excerpt":{"rendered":"<p>Afyonkarahisar\u2019\u0131n Sand\u0131kl\u0131 il\u00e7esine ba\u011fl\u0131 Akhar\u0131m beldesinde asker adaylar\u0131 her y\u0131l askere gitmeden \u00f6nce 1 ay boyunca k\u00f6ylerinde bulunan Bayrak Tepe\u2019de n\u00f6bet tutuyor. Akhar\u0131m beldesinde her y\u0131l asker adaylar\u0131 i\u00e7in son 1 ay etkinlik d\u00fczenleniyor. Bu etkinlikler \u00e7er\u00e7evesinde asker adaylar\u0131na her g\u00fcn bir ba\u015fka aile taraf\u0131ndan yemek ikram\u0131 yap\u0131l\u0131rken mevlit okunup dua ediliyor. Etkinlikler \u00e7er\u00e7evesinde gen\u00e7ler&#8230;<\/p>\n","protected":false},"author":1,"featured_media":83307,"comment_status":"open","ping_status":"open","sticky":false,"template":"","format":"standard","meta":{"_crdt_document":"","footnotes":""},"categories":[1],"tags":[],"class_list":["post-83306","post","type-post","status-publish","format-standard","has-post-thumbnail","hentry","category-guncel"],"_links":{"self":[{"href":"https:\/\/www.egemtv.com\/index.php?rest_route=\/wp\/v2\/posts\/83306","targetHints":{"allow":["GET"]}}],"collection":[{"href":"https:\/\/www.egemtv.com\/index.php?rest_route=\/wp\/v2\/posts"}],"about":[{"href":"https:\/\/www.egemtv.com\/index.php?rest_route=\/wp\/v2\/types\/post"}],"author":[{"embeddable":true,"href":"https:\/\/www.egemtv.com\/index.php?rest_route=\/wp\/v2\/users\/1"}],"replies":[{"embeddable":true,"href":"https:\/\/www.egemtv.com\/index.php?rest_route=%2Fwp%2Fv2%2Fcomments&post=83306"}],"version-history":[{"count":1,"href":"https:\/\/www.egemtv.com\/index.php?rest_route=\/wp\/v2\/posts\/83306\/revisions"}],"predecessor-version":[{"id":83308,"href":"https:\/\/www.egemtv.com\/index.php?rest_route=\/wp\/v2\/posts\/83306\/revisions\/83308"}],"wp:featuredmedia":[{"embeddable":true,"href":"https:\/\/www.egemtv.com\/index.php?rest_route=\/wp\/v2\/media\/83307"}],"wp:attachment":[{"href":"https:\/\/www.egemtv.com\/index.php?rest_route=%2Fwp%2Fv2%2Fmedia&parent=83306"}],"wp:term":[{"taxonomy":"category","embeddable":true,"href":"https:\/\/www.egemtv.com\/index.php?rest_route=%2Fwp%2Fv2%2Fcategories&post=83306"},{"taxonomy":"post_tag","embeddable":true,"href":"https:\/\/www.egemtv.com\/index.php?rest_route=%2Fwp%2Fv2%2Ftags&post=83306"}],"curies":[{"name":"wp","href":"https:\/\/api.w.org\/{rel}","templated":true}]}}