{"id":83303,"date":"2026-01-27T11:15:04","date_gmt":"2026-01-27T08:15:04","guid":{"rendered":"https:\/\/www.egemtv.com\/?p=83303"},"modified":"2026-01-27T11:15:05","modified_gmt":"2026-01-27T08:15:05","slug":"aydinda-yagisli-hava-surecek","status":"publish","type":"post","link":"https:\/\/www.egemtv.com\/?p=83303","title":{"rendered":"Ayd\u0131n\u2019da ya\u011f\u0131\u015fl\u0131 hava s\u00fcrecek"},"content":{"rendered":"<p>Ayd\u0131n\u2019da aral\u0131klarla etkili olan ya\u011f\u0131\u015fl\u0131 hava \u00f6n\u00fcm\u00fczdeki g\u00fcnlerde de etkisini s\u00fcrd\u00fcrecek.<br \/>\n<br \/>Ayd\u0131n\u2019da etkili olan sa\u011fanak ya\u011f\u0131\u015fl\u0131 hava il genelinde devam ediyor. Zaman zaman etkisini art\u0131ran sa\u011fanak ya\u011f\u0131\u015flar hayat\u0131 olumsuz etkilerken ya\u011f\u0131\u015flar\u0131n \u00f6n\u00fcm\u00fczdeki g\u00fcnlerde de devam etmesi bekleniyor. Ayd\u0131n\u2019da havan\u0131n bug\u00fcn ve yar\u0131n par\u00e7al\u0131 ve \u00e7ok bulutlu aral\u0131kl\u0131 sa\u011fanak ya\u011f\u0131\u015fl\u0131, Per\u015fembe ve Cuma par\u00e7al\u0131 ve \u00e7ok bulutlu, kuvvetli sa\u011fanak ve g\u00f6k g\u00fcr\u00fclt\u00fcl\u00fc sa\u011fanak ya\u011f\u0131\u015fl\u0131, Cumartesi par\u00e7al\u0131 ve \u00e7ok bulutlu, aral\u0131kl\u0131 sa\u011fanak ya\u011f\u0131\u015fl\u0131 olmas\u0131 bekleniyor.<br \/>\n<br \/>Ayr\u0131ca 26.01.2026 06.00 &#8211; 27.01.2026 06.00 saatleri aras\u0131nda en \u00e7ok ya\u011f\u0131\u015f alan il\u00e7e ise metrekareye 58.7 kilogram ile Ku\u015fadas\u0131 olurken, S\u00f6ke Karakaya 37.1, G\u00fczel\u00e7aml\u0131 36.9, S\u00f6ke 22.4, Germencik 21 kilogram ya\u011f\u0131\u015f ald\u0131.<br \/><\/p>\n","protected":false},"excerpt":{"rendered":"<p>Ayd\u0131n\u2019da aral\u0131klarla etkili olan ya\u011f\u0131\u015fl\u0131 hava \u00f6n\u00fcm\u00fczdeki g\u00fcnlerde de etkisini s\u00fcrd\u00fcrecek. Ayd\u0131n\u2019da etkili olan sa\u011fanak ya\u011f\u0131\u015fl\u0131 hava il genelinde devam ediyor. Zaman zaman etkisini art\u0131ran sa\u011fanak ya\u011f\u0131\u015flar hayat\u0131 olumsuz etkilerken ya\u011f\u0131\u015flar\u0131n \u00f6n\u00fcm\u00fczdeki g\u00fcnlerde de devam etmesi bekleniyor. Ayd\u0131n\u2019da havan\u0131n bug\u00fcn ve yar\u0131n par\u00e7al\u0131 ve \u00e7ok bulutlu aral\u0131kl\u0131 sa\u011fanak ya\u011f\u0131\u015fl\u0131, Per\u015fembe ve Cuma par\u00e7al\u0131 ve \u00e7ok&#8230;<\/p>\n","protected":false},"author":1,"featured_media":83304,"comment_status":"open","ping_status":"open","sticky":false,"template":"","format":"standard","meta":{"_crdt_document":"","footnotes":""},"categories":[1],"tags":[],"class_list":["post-83303","post","type-post","status-publish","format-standard","has-post-thumbnail","hentry","category-guncel"],"_links":{"self":[{"href":"https:\/\/www.egemtv.com\/index.php?rest_route=\/wp\/v2\/posts\/83303","targetHints":{"allow":["GET"]}}],"collection":[{"href":"https:\/\/www.egemtv.com\/index.php?rest_route=\/wp\/v2\/posts"}],"about":[{"href":"https:\/\/www.egemtv.com\/index.php?rest_route=\/wp\/v2\/types\/post"}],"author":[{"embeddable":true,"href":"https:\/\/www.egemtv.com\/index.php?rest_route=\/wp\/v2\/users\/1"}],"replies":[{"embeddable":true,"href":"https:\/\/www.egemtv.com\/index.php?rest_route=%2Fwp%2Fv2%2Fcomments&post=83303"}],"version-history":[{"count":1,"href":"https:\/\/www.egemtv.com\/index.php?rest_route=\/wp\/v2\/posts\/83303\/revisions"}],"predecessor-version":[{"id":83305,"href":"https:\/\/www.egemtv.com\/index.php?rest_route=\/wp\/v2\/posts\/83303\/revisions\/83305"}],"wp:featuredmedia":[{"embeddable":true,"href":"https:\/\/www.egemtv.com\/index.php?rest_route=\/wp\/v2\/media\/83304"}],"wp:attachment":[{"href":"https:\/\/www.egemtv.com\/index.php?rest_route=%2Fwp%2Fv2%2Fmedia&parent=83303"}],"wp:term":[{"taxonomy":"category","embeddable":true,"href":"https:\/\/www.egemtv.com\/index.php?rest_route=%2Fwp%2Fv2%2Fcategories&post=83303"},{"taxonomy":"post_tag","embeddable":true,"href":"https:\/\/www.egemtv.com\/index.php?rest_route=%2Fwp%2Fv2%2Ftags&post=83303"}],"curies":[{"name":"wp","href":"https:\/\/api.w.org\/{rel}","templated":true}]}}