{"id":83297,"date":"2026-01-27T10:55:31","date_gmt":"2026-01-27T07:55:31","guid":{"rendered":"https:\/\/www.egemtv.com\/?p=83297"},"modified":"2026-01-27T10:55:32","modified_gmt":"2026-01-27T07:55:32","slug":"msku-biodan-ebeveyn-ve-cocuklara-yonelik-dijital-bagimlilik-atolyesi","status":"publish","type":"post","link":"https:\/\/www.egemtv.com\/?p=83297","title":{"rendered":"MSK\u00dc B\u0130O\u2019dan ebeveyn ve \u00e7ocuklara y\u00f6nelik dijital ba\u011f\u0131ml\u0131l\u0131k at\u00f6lyesi"},"content":{"rendered":"<p>Mu\u011fla S\u0131tk\u0131 Ko\u00e7man \u00dcniversitesi Bilim \u0130leti\u015fimi Ofisi (MSK\u00dc B\u0130O) taraf\u0131ndan d\u00fczenlenen &#8220;Ebeveyn ve \u00c7ocuk At\u00f6lyeleri&#8221; serisi, bu kez \u00e7ocuklarda ekran ba\u011f\u0131ml\u0131l\u0131\u011f\u0131n\u0131 konu alan at\u00f6lye ile devam etti.<br \/>\n<br \/>Serinin be\u015finci Bilim Kafe etkinli\u011fi olarak ger\u00e7ekle\u015ftirilen &#8220;Dopamin D\u00f6ng\u00fcs\u00fcnden Ger\u00e7ek Hayata: \u00c7ocuklarda Dijital Ba\u011f\u0131ml\u0131l\u0131\u011f\u0131 Anlamak ve Y\u00f6netmek&#8221; ba\u015fl\u0131kl\u0131 at\u00f6lye, ebeveynlerden yo\u011fun ilgi g\u00f6rd\u00fc. At\u00f6lyede, \u00e7ocuklar\u0131n dijital ekranlarla kurdu\u011fu ili\u015fki bilimsel \u00e7al\u0131\u015fmalar, psikolojik yakla\u015f\u0131mlar ve g\u00fcnl\u00fck ya\u015famdan \u00f6rnekler \u00fczerinden ele al\u0131nd\u0131.<br \/>\n<br \/>MSK\u00dc E\u011fitim Fak\u00fcltesi Rehberlik ve Psikolojik Dan\u0131\u015fmanl\u0131k Ana Bilim Dal\u0131 \u00f6\u011fretim \u00fcyesi Do\u00e7. Dr. Sinem Acar\u2019\u0131n y\u00fcr\u00fctt\u00fc\u011f\u00fc at\u00f6lyede, dijital ba\u011f\u0131ml\u0131l\u0131\u011f\u0131n n\u00f6robiyolojik sonu\u00e7lar\u0131, dopamin d\u00f6ng\u00fcs\u00fcn\u00fcn zararlar\u0131, ekran kullan\u0131m\u0131n\u0131n \u00e7ocuklar\u0131n geli\u015fimi \u00fczerindeki etkileri ve ebeveynlerin uygulayabilece\u011fi y\u00f6ntemler kat\u0131l\u0131mc\u0131larla payla\u015f\u0131ld\u0131.<br \/>\n<br \/>Bilimi toplumla bulu\u015fturma misyonuyla \u00e7al\u0131\u015fmalar\u0131n\u0131 s\u00fcrd\u00fcren MSK\u00dc B\u0130O, ebeveyn ve \u00e7ocuklara y\u00f6nelik bu at\u00f6lyeler serisiyle, sa\u011fl\u0131kl\u0131 ebeveyn ve \u00e7ocuk ili\u015fkilerine katk\u0131 sunmay\u0131 ama\u00e7l\u0131yor. Bilim ve Sanat Evi\u2019nde ger\u00e7ekle\u015ftirilen bu etkinlikler, s\u0131n\u0131rl\u0131 kontenjana ra\u011fmen y\u00fcksek kat\u0131l\u0131m talebiyle dikkat \u00e7ekiyor.  MSK\u00dc B\u0130O, \u00dcniversitede \u00fcretilen bilgiyi sadele\u015ftirerek \u015fehir hayat\u0131na ta\u015f\u0131yan etkinliklerine y\u0131l boyu devam edecek.<br \/><\/p>\n","protected":false},"excerpt":{"rendered":"<p>Mu\u011fla S\u0131tk\u0131 Ko\u00e7man \u00dcniversitesi Bilim \u0130leti\u015fimi Ofisi (MSK\u00dc B\u0130O) taraf\u0131ndan d\u00fczenlenen &#8220;Ebeveyn ve \u00c7ocuk At\u00f6lyeleri&#8221; serisi, bu kez \u00e7ocuklarda ekran ba\u011f\u0131ml\u0131l\u0131\u011f\u0131n\u0131 konu alan at\u00f6lye ile devam etti. Serinin be\u015finci Bilim Kafe etkinli\u011fi olarak ger\u00e7ekle\u015ftirilen &#8220;Dopamin D\u00f6ng\u00fcs\u00fcnden Ger\u00e7ek Hayata: \u00c7ocuklarda Dijital Ba\u011f\u0131ml\u0131l\u0131\u011f\u0131 Anlamak ve Y\u00f6netmek&#8221; ba\u015fl\u0131kl\u0131 at\u00f6lye, ebeveynlerden yo\u011fun ilgi g\u00f6rd\u00fc. At\u00f6lyede, \u00e7ocuklar\u0131n dijital ekranlarla kurdu\u011fu&#8230;<\/p>\n","protected":false},"author":1,"featured_media":83298,"comment_status":"open","ping_status":"open","sticky":false,"template":"","format":"standard","meta":{"_crdt_document":"","footnotes":""},"categories":[1],"tags":[],"class_list":["post-83297","post","type-post","status-publish","format-standard","has-post-thumbnail","hentry","category-guncel"],"_links":{"self":[{"href":"https:\/\/www.egemtv.com\/index.php?rest_route=\/wp\/v2\/posts\/83297","targetHints":{"allow":["GET"]}}],"collection":[{"href":"https:\/\/www.egemtv.com\/index.php?rest_route=\/wp\/v2\/posts"}],"about":[{"href":"https:\/\/www.egemtv.com\/index.php?rest_route=\/wp\/v2\/types\/post"}],"author":[{"embeddable":true,"href":"https:\/\/www.egemtv.com\/index.php?rest_route=\/wp\/v2\/users\/1"}],"replies":[{"embeddable":true,"href":"https:\/\/www.egemtv.com\/index.php?rest_route=%2Fwp%2Fv2%2Fcomments&post=83297"}],"version-history":[{"count":1,"href":"https:\/\/www.egemtv.com\/index.php?rest_route=\/wp\/v2\/posts\/83297\/revisions"}],"predecessor-version":[{"id":83299,"href":"https:\/\/www.egemtv.com\/index.php?rest_route=\/wp\/v2\/posts\/83297\/revisions\/83299"}],"wp:featuredmedia":[{"embeddable":true,"href":"https:\/\/www.egemtv.com\/index.php?rest_route=\/wp\/v2\/media\/83298"}],"wp:attachment":[{"href":"https:\/\/www.egemtv.com\/index.php?rest_route=%2Fwp%2Fv2%2Fmedia&parent=83297"}],"wp:term":[{"taxonomy":"category","embeddable":true,"href":"https:\/\/www.egemtv.com\/index.php?rest_route=%2Fwp%2Fv2%2Fcategories&post=83297"},{"taxonomy":"post_tag","embeddable":true,"href":"https:\/\/www.egemtv.com\/index.php?rest_route=%2Fwp%2Fv2%2Ftags&post=83297"}],"curies":[{"name":"wp","href":"https:\/\/api.w.org\/{rel}","templated":true}]}}