{"id":83285,"date":"2026-01-27T10:15:05","date_gmt":"2026-01-27T07:15:05","guid":{"rendered":"https:\/\/www.egemtv.com\/?p=83285"},"modified":"2026-01-27T10:15:07","modified_gmt":"2026-01-27T07:15:07","slug":"kutahyada-sporda-medikal-destek-semineri-duzenlendi","status":"publish","type":"post","link":"https:\/\/www.egemtv.com\/?p=83285","title":{"rendered":"K\u00fctahya\u2019da &#8220;Sporda medikal destek semineri&#8221; d\u00fczenlendi"},"content":{"rendered":"<p>K\u00fctahya Dumlup\u0131nar \u00dcniversitesi\u2019nde (DP\u00dc) &#8220;Sporda medikal destek semineri&#8221; ger\u00e7ekle\u015ftirildi.<br \/>\n<br \/>Kapal\u0131 Spor Salonu\u2019nda Su Sporlar\u0131 Toplulu\u011fu taraf\u0131ndan d\u00fczenlenen seminere \u00fcniversite personeli ve \u00f6\u011frenciler kat\u0131ld\u0131. Topluluk dan\u0131\u015fman\u0131 Dr. \u00d6\u011fr. \u00dcyesi M. Murat Tezcan\u2019\u0131n oturum y\u00f6neticili\u011fini \u00fcstlendi\u011fi program, sayg\u0131 duru\u015fu ve \u0130stiklal Mar\u015f\u0131\u2019n\u0131n okunmas\u0131n\u0131n ard\u0131ndan a\u00e7\u0131l\u0131\u015f ve bilgilendirme konu\u015fmas\u0131yla ba\u015flad\u0131.<br \/>\n<br \/>Seminerde konu\u015fan Diyetisyen Emre D\u00fcndar, sporcularda do\u011fru beslenmenin performans \u00fczerindeki etkileri ile sakatlanmalar\u0131n \u00f6nlenmesindeki rol\u00fcne de\u011findi. D\u00fcndar, bilin\u00e7li beslenmenin sporcu sa\u011fl\u0131\u011f\u0131 a\u00e7\u0131s\u0131ndan b\u00fcy\u00fck \u00f6nem ta\u015f\u0131d\u0131\u011f\u0131n\u0131 vurgulad\u0131.<br \/>\n<br \/>Ard\u0131ndan s\u00f6z alan Fizyoterapist Salih Tekeli ise sporcu sa\u011fl\u0131\u011f\u0131nda medikal deste\u011fin \u00f6nemine dikkat \u00e7ekerek, sakatlanma sonras\u0131 rehabilitasyon s\u00fcre\u00e7leri ve koruyucu egzersizler hakk\u0131nda kat\u0131l\u0131mc\u0131lara bilgi verdi.<br \/><\/p>\n","protected":false},"excerpt":{"rendered":"<p>K\u00fctahya Dumlup\u0131nar \u00dcniversitesi\u2019nde (DP\u00dc) &#8220;Sporda medikal destek semineri&#8221; ger\u00e7ekle\u015ftirildi. Kapal\u0131 Spor Salonu\u2019nda Su Sporlar\u0131 Toplulu\u011fu taraf\u0131ndan d\u00fczenlenen seminere \u00fcniversite personeli ve \u00f6\u011frenciler kat\u0131ld\u0131. Topluluk dan\u0131\u015fman\u0131 Dr. \u00d6\u011fr. \u00dcyesi M. Murat Tezcan\u2019\u0131n oturum y\u00f6neticili\u011fini \u00fcstlendi\u011fi program, sayg\u0131 duru\u015fu ve \u0130stiklal Mar\u015f\u0131\u2019n\u0131n okunmas\u0131n\u0131n ard\u0131ndan a\u00e7\u0131l\u0131\u015f ve bilgilendirme konu\u015fmas\u0131yla ba\u015flad\u0131. Seminerde konu\u015fan Diyetisyen Emre D\u00fcndar, sporcularda do\u011fru beslenmenin&#8230;<\/p>\n","protected":false},"author":1,"featured_media":83286,"comment_status":"open","ping_status":"open","sticky":false,"template":"","format":"standard","meta":{"_crdt_document":"","footnotes":""},"categories":[4],"tags":[],"class_list":["post-83285","post","type-post","status-publish","format-standard","has-post-thumbnail","hentry","category-spor"],"_links":{"self":[{"href":"https:\/\/www.egemtv.com\/index.php?rest_route=\/wp\/v2\/posts\/83285","targetHints":{"allow":["GET"]}}],"collection":[{"href":"https:\/\/www.egemtv.com\/index.php?rest_route=\/wp\/v2\/posts"}],"about":[{"href":"https:\/\/www.egemtv.com\/index.php?rest_route=\/wp\/v2\/types\/post"}],"author":[{"embeddable":true,"href":"https:\/\/www.egemtv.com\/index.php?rest_route=\/wp\/v2\/users\/1"}],"replies":[{"embeddable":true,"href":"https:\/\/www.egemtv.com\/index.php?rest_route=%2Fwp%2Fv2%2Fcomments&post=83285"}],"version-history":[{"count":1,"href":"https:\/\/www.egemtv.com\/index.php?rest_route=\/wp\/v2\/posts\/83285\/revisions"}],"predecessor-version":[{"id":83287,"href":"https:\/\/www.egemtv.com\/index.php?rest_route=\/wp\/v2\/posts\/83285\/revisions\/83287"}],"wp:featuredmedia":[{"embeddable":true,"href":"https:\/\/www.egemtv.com\/index.php?rest_route=\/wp\/v2\/media\/83286"}],"wp:attachment":[{"href":"https:\/\/www.egemtv.com\/index.php?rest_route=%2Fwp%2Fv2%2Fmedia&parent=83285"}],"wp:term":[{"taxonomy":"category","embeddable":true,"href":"https:\/\/www.egemtv.com\/index.php?rest_route=%2Fwp%2Fv2%2Fcategories&post=83285"},{"taxonomy":"post_tag","embeddable":true,"href":"https:\/\/www.egemtv.com\/index.php?rest_route=%2Fwp%2Fv2%2Ftags&post=83285"}],"curies":[{"name":"wp","href":"https:\/\/api.w.org\/{rel}","templated":true}]}}