{"id":83282,"date":"2026-01-27T10:15:02","date_gmt":"2026-01-27T07:15:02","guid":{"rendered":"https:\/\/www.egemtv.com\/?p=83282"},"modified":"2026-01-27T10:15:05","modified_gmt":"2026-01-27T07:15:05","slug":"vali-musa-isin-engelli-vatandasi-makaminda-agirladi","status":"publish","type":"post","link":"https:\/\/www.egemtv.com\/?p=83282","title":{"rendered":"Vali Musa I\u015f\u0131n, engelli vatanda\u015f\u0131 makam\u0131nda a\u011f\u0131rlad\u0131"},"content":{"rendered":"<p>K\u00fctahya Valisi Musa I\u015f\u0131n, engelli vatanda\u015f \u0130smet \u00d6ks\u00fcz\u2019\u00fc valilik makam\u0131nda kabul etti.<br \/>\n<br \/>Ger\u00e7ekle\u015fen ziyarette Vali I\u015f\u0131n, engelli vatanda\u015flar\u0131n ya\u015fam\u0131n\u0131 kolayla\u015ft\u0131rmaya y\u00f6nelik \u00e7al\u0131\u015fmalar\u0131n b\u00fcy\u00fck bir hassasiyetle s\u00fcrd\u00fcr\u00fcld\u00fc\u011f\u00fcn\u00fc vurgulad\u0131. Devletin her zaman engelli bireylerin yan\u0131nda oldu\u011funu ifade eden Vali I\u015f\u0131n, engelli vatanda\u015flar\u0131n sosyal hayata kat\u0131l\u0131mlar\u0131n\u0131n art\u0131r\u0131lmas\u0131 ve ya\u015fam standartlar\u0131n\u0131n y\u00fckseltilmesi amac\u0131yla kamu kurumlar\u0131 taraf\u0131ndan gerekli desteklerin sa\u011flanmaya devam edece\u011fini belirtti.<br \/>\n<br \/>Vali I\u015f\u0131n, toplumda fark\u0131ndal\u0131\u011f\u0131n art\u0131r\u0131lmas\u0131n\u0131n da \u00f6nemine dikkat \u00e7ekerek, engelli bireylerin kar\u015f\u0131la\u015ft\u0131klar\u0131 sorunlar\u0131n \u00e7\u00f6z\u00fcm\u00fc noktas\u0131nda t\u00fcm kurumlar\u0131n i\u015f birli\u011fi i\u00e7inde \u00e7al\u0131\u015ft\u0131\u011f\u0131n\u0131 dile getirdi.<br \/><\/p>\n","protected":false},"excerpt":{"rendered":"<p>K\u00fctahya Valisi Musa I\u015f\u0131n, engelli vatanda\u015f \u0130smet \u00d6ks\u00fcz\u2019\u00fc valilik makam\u0131nda kabul etti. Ger\u00e7ekle\u015fen ziyarette Vali I\u015f\u0131n, engelli vatanda\u015flar\u0131n ya\u015fam\u0131n\u0131 kolayla\u015ft\u0131rmaya y\u00f6nelik \u00e7al\u0131\u015fmalar\u0131n b\u00fcy\u00fck bir hassasiyetle s\u00fcrd\u00fcr\u00fcld\u00fc\u011f\u00fcn\u00fc vurgulad\u0131. Devletin her zaman engelli bireylerin yan\u0131nda oldu\u011funu ifade eden Vali I\u015f\u0131n, engelli vatanda\u015flar\u0131n sosyal hayata kat\u0131l\u0131mlar\u0131n\u0131n art\u0131r\u0131lmas\u0131 ve ya\u015fam standartlar\u0131n\u0131n y\u00fckseltilmesi amac\u0131yla kamu kurumlar\u0131 taraf\u0131ndan gerekli desteklerin sa\u011flanmaya&#8230;<\/p>\n","protected":false},"author":1,"featured_media":83283,"comment_status":"open","ping_status":"open","sticky":false,"template":"","format":"standard","meta":{"_crdt_document":"","footnotes":""},"categories":[123],"tags":[],"class_list":["post-83282","post","type-post","status-publish","format-standard","has-post-thumbnail","hentry","category-gundem"],"_links":{"self":[{"href":"https:\/\/www.egemtv.com\/index.php?rest_route=\/wp\/v2\/posts\/83282","targetHints":{"allow":["GET"]}}],"collection":[{"href":"https:\/\/www.egemtv.com\/index.php?rest_route=\/wp\/v2\/posts"}],"about":[{"href":"https:\/\/www.egemtv.com\/index.php?rest_route=\/wp\/v2\/types\/post"}],"author":[{"embeddable":true,"href":"https:\/\/www.egemtv.com\/index.php?rest_route=\/wp\/v2\/users\/1"}],"replies":[{"embeddable":true,"href":"https:\/\/www.egemtv.com\/index.php?rest_route=%2Fwp%2Fv2%2Fcomments&post=83282"}],"version-history":[{"count":1,"href":"https:\/\/www.egemtv.com\/index.php?rest_route=\/wp\/v2\/posts\/83282\/revisions"}],"predecessor-version":[{"id":83284,"href":"https:\/\/www.egemtv.com\/index.php?rest_route=\/wp\/v2\/posts\/83282\/revisions\/83284"}],"wp:featuredmedia":[{"embeddable":true,"href":"https:\/\/www.egemtv.com\/index.php?rest_route=\/wp\/v2\/media\/83283"}],"wp:attachment":[{"href":"https:\/\/www.egemtv.com\/index.php?rest_route=%2Fwp%2Fv2%2Fmedia&parent=83282"}],"wp:term":[{"taxonomy":"category","embeddable":true,"href":"https:\/\/www.egemtv.com\/index.php?rest_route=%2Fwp%2Fv2%2Fcategories&post=83282"},{"taxonomy":"post_tag","embeddable":true,"href":"https:\/\/www.egemtv.com\/index.php?rest_route=%2Fwp%2Fv2%2Ftags&post=83282"}],"curies":[{"name":"wp","href":"https:\/\/api.w.org\/{rel}","templated":true}]}}