{"id":83279,"date":"2026-01-27T10:15:00","date_gmt":"2026-01-27T07:15:00","guid":{"rendered":"https:\/\/www.egemtv.com\/?p=83279"},"modified":"2026-01-27T10:15:01","modified_gmt":"2026-01-27T07:15:01","slug":"cavdarhisar-kaymakami-murat-ak-muhtarlarla-bir-araya-geldi","status":"publish","type":"post","link":"https:\/\/www.egemtv.com\/?p=83279","title":{"rendered":"\u00c7avdarhisar Kaymakam\u0131 Murat Ak muhtarlarla bir araya geldi"},"content":{"rendered":"<p>K\u00fctahya\u2019n\u0131n \u00c7avdarhisar \u0130l\u00e7e Kaymakam\u0131 Murat Ak\u2019\u0131n ba\u015fkanl\u0131\u011f\u0131nda muhtarlar toplant\u0131s\u0131 ger\u00e7ekle\u015ftirildi.<br \/>\n<br \/>Af\u015far K\u00f6y\u00fc\u2019nde d\u00fczenlenen toplant\u0131ya \u0130l Genel Meclis \u00fcyeleri, mahalle ve k\u00f6y muhtarlar\u0131 ile ilgili daire amirleri kat\u0131ld\u0131. Toplant\u0131da k\u00f6ylerin altyap\u0131, yol, i\u00e7me suyu ve sosyal ihtiya\u00e7lar\u0131 ba\u015fta olmak \u00fczere genel meseleler ele al\u0131nd\u0131.<br \/>\n<br \/>Muhtarlar\u0131n talep ve \u00f6nerilerini dinleyen Kaymakam Ak, iletilen konulara ili\u015fkin yap\u0131lmas\u0131 planlanan \u00e7al\u0131\u015fmalar hakk\u0131nda de\u011ferlendirmelerde bulundu.<br \/><\/p>\n","protected":false},"excerpt":{"rendered":"<p>K\u00fctahya\u2019n\u0131n \u00c7avdarhisar \u0130l\u00e7e Kaymakam\u0131 Murat Ak\u2019\u0131n ba\u015fkanl\u0131\u011f\u0131nda muhtarlar toplant\u0131s\u0131 ger\u00e7ekle\u015ftirildi. Af\u015far K\u00f6y\u00fc\u2019nde d\u00fczenlenen toplant\u0131ya \u0130l Genel Meclis \u00fcyeleri, mahalle ve k\u00f6y muhtarlar\u0131 ile ilgili daire amirleri kat\u0131ld\u0131. Toplant\u0131da k\u00f6ylerin altyap\u0131, yol, i\u00e7me suyu ve sosyal ihtiya\u00e7lar\u0131 ba\u015fta olmak \u00fczere genel meseleler ele al\u0131nd\u0131. Muhtarlar\u0131n talep ve \u00f6nerilerini dinleyen Kaymakam Ak, iletilen konulara ili\u015fkin yap\u0131lmas\u0131 planlanan&#8230;<\/p>\n","protected":false},"author":1,"featured_media":83280,"comment_status":"open","ping_status":"open","sticky":false,"template":"","format":"standard","meta":{"_crdt_document":"","footnotes":""},"categories":[125],"tags":[],"class_list":["post-83279","post","type-post","status-publish","format-standard","has-post-thumbnail","hentry","category-ekonomi"],"_links":{"self":[{"href":"https:\/\/www.egemtv.com\/index.php?rest_route=\/wp\/v2\/posts\/83279","targetHints":{"allow":["GET"]}}],"collection":[{"href":"https:\/\/www.egemtv.com\/index.php?rest_route=\/wp\/v2\/posts"}],"about":[{"href":"https:\/\/www.egemtv.com\/index.php?rest_route=\/wp\/v2\/types\/post"}],"author":[{"embeddable":true,"href":"https:\/\/www.egemtv.com\/index.php?rest_route=\/wp\/v2\/users\/1"}],"replies":[{"embeddable":true,"href":"https:\/\/www.egemtv.com\/index.php?rest_route=%2Fwp%2Fv2%2Fcomments&post=83279"}],"version-history":[{"count":1,"href":"https:\/\/www.egemtv.com\/index.php?rest_route=\/wp\/v2\/posts\/83279\/revisions"}],"predecessor-version":[{"id":83281,"href":"https:\/\/www.egemtv.com\/index.php?rest_route=\/wp\/v2\/posts\/83279\/revisions\/83281"}],"wp:featuredmedia":[{"embeddable":true,"href":"https:\/\/www.egemtv.com\/index.php?rest_route=\/wp\/v2\/media\/83280"}],"wp:attachment":[{"href":"https:\/\/www.egemtv.com\/index.php?rest_route=%2Fwp%2Fv2%2Fmedia&parent=83279"}],"wp:term":[{"taxonomy":"category","embeddable":true,"href":"https:\/\/www.egemtv.com\/index.php?rest_route=%2Fwp%2Fv2%2Fcategories&post=83279"},{"taxonomy":"post_tag","embeddable":true,"href":"https:\/\/www.egemtv.com\/index.php?rest_route=%2Fwp%2Fv2%2Ftags&post=83279"}],"curies":[{"name":"wp","href":"https:\/\/api.w.org\/{rel}","templated":true}]}}