{"id":83276,"date":"2026-01-27T10:14:58","date_gmt":"2026-01-27T07:14:58","guid":{"rendered":"https:\/\/www.egemtv.com\/?p=83276"},"modified":"2026-01-27T10:15:00","modified_gmt":"2026-01-27T07:15:00","slug":"yenipazarda-yol-ve-cevre-duzenleme-calismalari-basliyor","status":"publish","type":"post","link":"https:\/\/www.egemtv.com\/?p=83276","title":{"rendered":"Yenipazar\u2019da yol ve \u00e7evre d\u00fczenleme \u00e7al\u0131\u015fmalar\u0131 ba\u015fl\u0131yor"},"content":{"rendered":"<p>Yenipazar Belediye Ba\u015fkan\u0131 Malik Ercan, Alamut-Direcik yolu ba\u015fta olmak \u00fczere il\u00e7e genelinde yol geni\u015fletme, kald\u0131r\u0131m ve \u00e7evre d\u00fczenleme \u00e7al\u0131\u015fmalar\u0131n\u0131n k\u0131sa s\u00fcrede hayata ge\u00e7irilece\u011fini a\u00e7\u0131klad\u0131.<\/p>\n<p>Yenipazar Belediye Ba\u015fkan\u0131 Malik Ercan, il\u00e7e genelinde ula\u015f\u0131m ve \u00e7evre d\u00fczenlemelerine y\u00f6nelik \u00f6nemli \u00e7al\u0131\u015fmalar\u0131n ba\u015flayaca\u011f\u0131n\u0131 duyurdu. Ba\u015fkan Ercan, daha \u00f6nce Ayd\u0131n B\u00fcy\u00fck\u015fehir Belediye Meclis \u00fcyeli\u011fi d\u00f6neminde talebi \u00fczerine Ayd\u0131n B\u00fcy\u00fck\u015fehir Belediyesi taraf\u0131ndan a\u00e7\u0131lan Alamut-Direcik yolunun bitti\u011fi noktadan mahallenin ana giri\u015fine kadar olan kesimde \u00e7al\u0131\u015fmalara ba\u015fland\u0131\u011f\u0131n\u0131 belirtti. Yolun geni\u015fletilmesi ve kald\u0131r\u0131m yap\u0131m\u0131n\u0131n k\u0131sa s\u00fcre i\u00e7erisinde tamamlanaca\u011f\u0131n\u0131 ifade eden Ercan, bu \u00e7al\u0131\u015fmalarla birlikte vatanda\u015flar\u0131n daha konforlu ve g\u00fcvenli bir ula\u015f\u0131ma kavu\u015faca\u011f\u0131n\u0131 s\u00f6yledi. \u00d6te yandan \u00c7ar\u015f\u0131 Mahallesi\u2019nde \u0130lyas Caddesi ve Kadir Efendi Caddesi\u2019nde, hal\u0131 sahada \u00e7evre d\u00fczenlemesi ile villalar b\u00f6lgesinde ta\u015f d\u00f6\u015feme kald\u0131r\u0131m yenileme \u00e7al\u0131\u015fmalar\u0131n\u0131n da en k\u0131sa s\u00fcrede ba\u015flayaca\u011f\u0131 bildirildi.<\/p>\n<p>\u00c7al\u0131\u015fmalara desteklerinden dolay\u0131 Ayd\u0131n B\u00fcy\u00fck\u015fehir Belediye Ba\u015fkan\u0131 \u00d6zlem \u00c7er\u00e7io\u011flu\u2019na te\u015fekk\u00fcr eden Ba\u015fkan Ercan, &#8220;Bizlerin her zaman arkas\u0131nda kaya gibi duran Topuklu Efemiz Ayd\u0131n B\u00fcy\u00fck\u015fehir Belediye Ba\u015fkan\u0131m\u0131z \u00d6zlem \u00c7er\u00e7io\u011flu\u2019na te\u015fekk\u00fcr ediyorum. Yap\u0131lacak \u00e7al\u0131\u015fmalar il\u00e7emize ve vatanda\u015flar\u0131m\u0131za hay\u0131rl\u0131 olsun. Her \u015fey Yenipazar i\u00e7in&#8221; dedi.<br \/><\/p>\n","protected":false},"excerpt":{"rendered":"<p>Yenipazar Belediye Ba\u015fkan\u0131 Malik Ercan, Alamut-Direcik yolu ba\u015fta olmak \u00fczere il\u00e7e genelinde yol geni\u015fletme, kald\u0131r\u0131m ve \u00e7evre d\u00fczenleme \u00e7al\u0131\u015fmalar\u0131n\u0131n k\u0131sa s\u00fcrede hayata ge\u00e7irilece\u011fini a\u00e7\u0131klad\u0131. Yenipazar Belediye Ba\u015fkan\u0131 Malik Ercan, il\u00e7e genelinde ula\u015f\u0131m ve \u00e7evre d\u00fczenlemelerine y\u00f6nelik \u00f6nemli \u00e7al\u0131\u015fmalar\u0131n ba\u015flayaca\u011f\u0131n\u0131 duyurdu. Ba\u015fkan Ercan, daha \u00f6nce Ayd\u0131n B\u00fcy\u00fck\u015fehir Belediye Meclis \u00fcyeli\u011fi d\u00f6neminde talebi \u00fczerine Ayd\u0131n B\u00fcy\u00fck\u015fehir Belediyesi&#8230;<\/p>\n","protected":false},"author":1,"featured_media":83277,"comment_status":"open","ping_status":"open","sticky":false,"template":"","format":"standard","meta":{"_crdt_document":"","footnotes":""},"categories":[1],"tags":[],"class_list":["post-83276","post","type-post","status-publish","format-standard","has-post-thumbnail","hentry","category-guncel"],"_links":{"self":[{"href":"https:\/\/www.egemtv.com\/index.php?rest_route=\/wp\/v2\/posts\/83276","targetHints":{"allow":["GET"]}}],"collection":[{"href":"https:\/\/www.egemtv.com\/index.php?rest_route=\/wp\/v2\/posts"}],"about":[{"href":"https:\/\/www.egemtv.com\/index.php?rest_route=\/wp\/v2\/types\/post"}],"author":[{"embeddable":true,"href":"https:\/\/www.egemtv.com\/index.php?rest_route=\/wp\/v2\/users\/1"}],"replies":[{"embeddable":true,"href":"https:\/\/www.egemtv.com\/index.php?rest_route=%2Fwp%2Fv2%2Fcomments&post=83276"}],"version-history":[{"count":1,"href":"https:\/\/www.egemtv.com\/index.php?rest_route=\/wp\/v2\/posts\/83276\/revisions"}],"predecessor-version":[{"id":83278,"href":"https:\/\/www.egemtv.com\/index.php?rest_route=\/wp\/v2\/posts\/83276\/revisions\/83278"}],"wp:featuredmedia":[{"embeddable":true,"href":"https:\/\/www.egemtv.com\/index.php?rest_route=\/wp\/v2\/media\/83277"}],"wp:attachment":[{"href":"https:\/\/www.egemtv.com\/index.php?rest_route=%2Fwp%2Fv2%2Fmedia&parent=83276"}],"wp:term":[{"taxonomy":"category","embeddable":true,"href":"https:\/\/www.egemtv.com\/index.php?rest_route=%2Fwp%2Fv2%2Fcategories&post=83276"},{"taxonomy":"post_tag","embeddable":true,"href":"https:\/\/www.egemtv.com\/index.php?rest_route=%2Fwp%2Fv2%2Ftags&post=83276"}],"curies":[{"name":"wp","href":"https:\/\/api.w.org\/{rel}","templated":true}]}}