{"id":83273,"date":"2026-01-27T10:14:57","date_gmt":"2026-01-27T07:14:57","guid":{"rendered":"https:\/\/www.egemtv.com\/?p=83273"},"modified":"2026-01-27T10:14:58","modified_gmt":"2026-01-27T07:14:58","slug":"kutahyanin-koylerinde-yasam-kalitesi-artiyor","status":"publish","type":"post","link":"https:\/\/www.egemtv.com\/?p=83273","title":{"rendered":"K\u00fctahya\u2019n\u0131n k\u00f6ylerinde ya\u015fam kalitesi art\u0131yor"},"content":{"rendered":"<p>K\u00fctahya \u0130l \u00d6zel \u0130daresi, 2025 y\u0131l\u0131 boyunca hayata ge\u00e7irdi\u011fi altyap\u0131 yat\u0131r\u0131mlar\u0131yla k\u00f6ylerde ya\u015fam kalitesini \u00f6nemli \u00f6l\u00e7\u00fcde art\u0131rd\u0131.K\u00f6ylere Hizmet G\u00f6t\u00fcrme Birli\u011fi kaynaklar\u0131yla y\u00fcr\u00fct\u00fclen \u00e7al\u0131\u015fmalar kapsam\u0131nda; 82 adet i\u00e7me suyu projesi, 33 adet kanalizasyon i\u015fi, 15 adet foseptik \u00e7al\u0131\u015fmas\u0131 tamamland\u0131. Ayr\u0131ca k\u00f6y yollar\u0131 ve ortak kullan\u0131m alanlar\u0131nda toplam 38 bin metrekare kilit ta\u015f\u0131 d\u00f6\u015femesi yap\u0131larak vatanda\u015flar\u0131n hizmetine sunuldu.<br \/>\n<br \/>\u0130l \u00d6zel \u0130daresi yetkilileri, 2025 y\u0131l\u0131n\u0131n sonlar\u0131na do\u011fru ba\u015flat\u0131lan ve halen devam eden projelerin k\u0131sa s\u00fcre i\u00e7erisinde tamamlanarak k\u00f6y halk\u0131n\u0131n kullan\u0131m\u0131na a\u00e7\u0131lmas\u0131n\u0131n hedeflendi\u011fini belirtti.<br \/>\n<br \/>Yetkililer, \u015fehir ya\u015fam\u0131 ile k\u00f6ylerdeki ya\u015fam kalitesi aras\u0131ndaki fark\u0131n ortadan kald\u0131r\u0131lmas\u0131 amac\u0131yla y\u00fcr\u00fct\u00fclen \u00e7al\u0131\u015fmalar\u0131n \u00f6n\u00fcm\u00fczdeki y\u0131llarda da aral\u0131ks\u0131z s\u00fcrd\u00fcr\u00fclece\u011fini vurgulayarak, yat\u0131r\u0131mlar\u0131n tamamlanmas\u0131yla vatanda\u015flar\u0131n beklentilerine cevap vermeye devam edeceklerini ifade etti.<br \/><\/p>\n","protected":false},"excerpt":{"rendered":"<p>K\u00fctahya \u0130l \u00d6zel \u0130daresi, 2025 y\u0131l\u0131 boyunca hayata ge\u00e7irdi\u011fi altyap\u0131 yat\u0131r\u0131mlar\u0131yla k\u00f6ylerde ya\u015fam kalitesini \u00f6nemli \u00f6l\u00e7\u00fcde art\u0131rd\u0131.K\u00f6ylere Hizmet G\u00f6t\u00fcrme Birli\u011fi kaynaklar\u0131yla y\u00fcr\u00fct\u00fclen \u00e7al\u0131\u015fmalar kapsam\u0131nda; 82 adet i\u00e7me suyu projesi, 33 adet kanalizasyon i\u015fi, 15 adet foseptik \u00e7al\u0131\u015fmas\u0131 tamamland\u0131. Ayr\u0131ca k\u00f6y yollar\u0131 ve ortak kullan\u0131m alanlar\u0131nda toplam 38 bin metrekare kilit ta\u015f\u0131 d\u00f6\u015femesi yap\u0131larak vatanda\u015flar\u0131n hizmetine&#8230;<\/p>\n","protected":false},"author":1,"featured_media":83274,"comment_status":"open","ping_status":"open","sticky":false,"template":"","format":"standard","meta":{"_crdt_document":"","footnotes":""},"categories":[125],"tags":[],"class_list":["post-83273","post","type-post","status-publish","format-standard","has-post-thumbnail","hentry","category-ekonomi"],"_links":{"self":[{"href":"https:\/\/www.egemtv.com\/index.php?rest_route=\/wp\/v2\/posts\/83273","targetHints":{"allow":["GET"]}}],"collection":[{"href":"https:\/\/www.egemtv.com\/index.php?rest_route=\/wp\/v2\/posts"}],"about":[{"href":"https:\/\/www.egemtv.com\/index.php?rest_route=\/wp\/v2\/types\/post"}],"author":[{"embeddable":true,"href":"https:\/\/www.egemtv.com\/index.php?rest_route=\/wp\/v2\/users\/1"}],"replies":[{"embeddable":true,"href":"https:\/\/www.egemtv.com\/index.php?rest_route=%2Fwp%2Fv2%2Fcomments&post=83273"}],"version-history":[{"count":1,"href":"https:\/\/www.egemtv.com\/index.php?rest_route=\/wp\/v2\/posts\/83273\/revisions"}],"predecessor-version":[{"id":83275,"href":"https:\/\/www.egemtv.com\/index.php?rest_route=\/wp\/v2\/posts\/83273\/revisions\/83275"}],"wp:featuredmedia":[{"embeddable":true,"href":"https:\/\/www.egemtv.com\/index.php?rest_route=\/wp\/v2\/media\/83274"}],"wp:attachment":[{"href":"https:\/\/www.egemtv.com\/index.php?rest_route=%2Fwp%2Fv2%2Fmedia&parent=83273"}],"wp:term":[{"taxonomy":"category","embeddable":true,"href":"https:\/\/www.egemtv.com\/index.php?rest_route=%2Fwp%2Fv2%2Fcategories&post=83273"},{"taxonomy":"post_tag","embeddable":true,"href":"https:\/\/www.egemtv.com\/index.php?rest_route=%2Fwp%2Fv2%2Ftags&post=83273"}],"curies":[{"name":"wp","href":"https:\/\/api.w.org\/{rel}","templated":true}]}}