{"id":83270,"date":"2026-01-27T10:14:54","date_gmt":"2026-01-27T07:14:54","guid":{"rendered":"https:\/\/www.egemtv.com\/?p=83270"},"modified":"2026-01-27T10:14:57","modified_gmt":"2026-01-27T07:14:57","slug":"menteseli-gencler-ankara-yolcusu","status":"publish","type":"post","link":"https:\/\/www.egemtv.com\/?p=83270","title":{"rendered":"Mente\u015feli gen\u00e7ler Ankara yolcusu"},"content":{"rendered":"<p>Mu\u011fla\u2019n\u0131n Mente\u015fe il\u00e7esinde faaliyetlerini s\u00fcrd\u00fcren Uluslararas\u0131 Gen\u00e7lik Merkezi \u00fcyesi gen\u00e7ler, Ankara\u2019da d\u00fczenlenecek olan zirvede yerini almaya haz\u0131rlan\u0131yor. Gen\u00e7lik ve Spor Bakanl\u0131\u011f\u0131 taraf\u0131ndan organize edilen program, gen\u00e7lerin kariyer ve ki\u015fisel geli\u015fimlerine \u0131\u015f\u0131k tutacak.<\/p>\n<p>Mente\u015fe Gen\u00e7lik ve Spor \u0130l\u00e7e M\u00fcd\u00fcrl\u00fc\u011f\u00fc b\u00fcnyesindeki Uluslararas\u0131 Gen\u00e7lik Merkezi, gen\u00e7leri gelece\u011fe haz\u0131rlamaya devam ediyor. Merkez \u00fcyesi gen\u00e7ler, Gen\u00e7lik ve Spor Bakanl\u0131\u011f\u0131 Gen\u00e7lik Hizmetleri Genel M\u00fcd\u00fcrl\u00fc\u011f\u00fc\u2019n\u00fcn Ankara\u2019da ger\u00e7ekle\u015ftirece\u011fi &#8220;30 Alt\u0131 Gen\u00e7lik Zirveleri&#8221; program\u0131na kat\u0131l\u0131m sa\u011flayarak Mu\u011fla\u2019y\u0131 temsil edecek.<\/p>\n<p>T\u00fcrkiye\u2019nin d\u00f6rt bir yan\u0131ndan gelen gen\u00e7 yetenekleri bir araya getiren zirve; akademik, mesleki ve ki\u015fisel geli\u015fimi destekleyen tematik programlar\u0131yla dikkat \u00e7ekiyor. Gen\u00e7lerin ilgi duyduklar\u0131 alanlarda fark\u0131ndal\u0131k kazanmalar\u0131n\u0131 hedefleyen etkinlik, kat\u0131l\u0131mc\u0131lara kariyer yolculuklar\u0131nda rehberlik edecek yeni bak\u0131\u015f a\u00e7\u0131lar\u0131 sunacak.<br \/>\n<br \/>Uluslararas\u0131 Gen\u00e7lik Merkezi gen\u00e7leri, farkl\u0131 disiplinlerden akranlar\u0131yla bir araya gelerek g\u00fc\u00e7l\u00fc bir sosyal a\u011f kurma \u015fans\u0131 yakalayacak. G\u00fcncel konular \u00fczerinde aktif rol alacak olan kat\u0131l\u0131mc\u0131lar\u0131n, zirve sonunda elde ettikleri kazan\u0131mlar\u0131 kendi yerel \u00e7evrelerine aktararak toplumsal fayda sa\u011flamalar\u0131 hedefleniyor.<br \/><\/p>\n","protected":false},"excerpt":{"rendered":"<p>Mu\u011fla\u2019n\u0131n Mente\u015fe il\u00e7esinde faaliyetlerini s\u00fcrd\u00fcren Uluslararas\u0131 Gen\u00e7lik Merkezi \u00fcyesi gen\u00e7ler, Ankara\u2019da d\u00fczenlenecek olan zirvede yerini almaya haz\u0131rlan\u0131yor. Gen\u00e7lik ve Spor Bakanl\u0131\u011f\u0131 taraf\u0131ndan organize edilen program, gen\u00e7lerin kariyer ve ki\u015fisel geli\u015fimlerine \u0131\u015f\u0131k tutacak. Mente\u015fe Gen\u00e7lik ve Spor \u0130l\u00e7e M\u00fcd\u00fcrl\u00fc\u011f\u00fc b\u00fcnyesindeki Uluslararas\u0131 Gen\u00e7lik Merkezi, gen\u00e7leri gelece\u011fe haz\u0131rlamaya devam ediyor. Merkez \u00fcyesi gen\u00e7ler, Gen\u00e7lik ve Spor Bakanl\u0131\u011f\u0131 Gen\u00e7lik&#8230;<\/p>\n","protected":false},"author":1,"featured_media":83271,"comment_status":"open","ping_status":"open","sticky":false,"template":"","format":"standard","meta":{"_crdt_document":"","footnotes":""},"categories":[1],"tags":[],"class_list":["post-83270","post","type-post","status-publish","format-standard","has-post-thumbnail","hentry","category-guncel"],"_links":{"self":[{"href":"https:\/\/www.egemtv.com\/index.php?rest_route=\/wp\/v2\/posts\/83270","targetHints":{"allow":["GET"]}}],"collection":[{"href":"https:\/\/www.egemtv.com\/index.php?rest_route=\/wp\/v2\/posts"}],"about":[{"href":"https:\/\/www.egemtv.com\/index.php?rest_route=\/wp\/v2\/types\/post"}],"author":[{"embeddable":true,"href":"https:\/\/www.egemtv.com\/index.php?rest_route=\/wp\/v2\/users\/1"}],"replies":[{"embeddable":true,"href":"https:\/\/www.egemtv.com\/index.php?rest_route=%2Fwp%2Fv2%2Fcomments&post=83270"}],"version-history":[{"count":1,"href":"https:\/\/www.egemtv.com\/index.php?rest_route=\/wp\/v2\/posts\/83270\/revisions"}],"predecessor-version":[{"id":83272,"href":"https:\/\/www.egemtv.com\/index.php?rest_route=\/wp\/v2\/posts\/83270\/revisions\/83272"}],"wp:featuredmedia":[{"embeddable":true,"href":"https:\/\/www.egemtv.com\/index.php?rest_route=\/wp\/v2\/media\/83271"}],"wp:attachment":[{"href":"https:\/\/www.egemtv.com\/index.php?rest_route=%2Fwp%2Fv2%2Fmedia&parent=83270"}],"wp:term":[{"taxonomy":"category","embeddable":true,"href":"https:\/\/www.egemtv.com\/index.php?rest_route=%2Fwp%2Fv2%2Fcategories&post=83270"},{"taxonomy":"post_tag","embeddable":true,"href":"https:\/\/www.egemtv.com\/index.php?rest_route=%2Fwp%2Fv2%2Ftags&post=83270"}],"curies":[{"name":"wp","href":"https:\/\/api.w.org\/{rel}","templated":true}]}}