{"id":83267,"date":"2026-01-27T10:14:52","date_gmt":"2026-01-27T07:14:52","guid":{"rendered":"https:\/\/www.egemtv.com\/?p=83267"},"modified":"2026-01-27T10:14:53","modified_gmt":"2026-01-27T07:14:53","slug":"memurlari-tasiyan-servis-kazasinda-aci-haber-geldi","status":"publish","type":"post","link":"https:\/\/www.egemtv.com\/?p=83267","title":{"rendered":"Memurlar\u0131 ta\u015f\u0131yan servis kazas\u0131nda ac\u0131 haber geldi"},"content":{"rendered":"<p>Denizli\u2019den Buldan\u2019a g\u00f6rev yapan memurlar\u0131 mesaiye yeti\u015ftirmek i\u00e7in yola \u00e7\u0131kan servis, kontrolden \u00e7\u0131karak \u00fcz\u00fcm ba\u011f\u0131na u\u00e7tu. 25 ki\u015finin yaraland\u0131\u011f\u0131 kazada hem\u015fire hayat\u0131n\u0131 kaybetti.<br \/>\n<br \/>Kaza, sabah saatlerinde Denizli-Manisa kara yolu Yinecekent Kav\u015fa\u011f\u0131 yak\u0131nlar\u0131nda meydana geldi. Edinilen bilgilere g\u00f6re, Denizli il merkezinde ikamet eden Buldan G\u00f6\u011f\u00fcs Hastal\u0131klar\u0131 Hastanesi ile Buldan Aile Sa\u011fl\u0131\u011f\u0131 Merkezi personelini ta\u015f\u0131yan servis minib\u00fcs\u00fc, kamu g\u00f6revlilerini mesaiye yeti\u015ftirmek i\u00e7in yola \u00e7\u0131kt\u0131. Yenicekent Kav\u015fa\u011f\u0131 yak\u0131nlar\u0131na ula\u015fan servis minib\u00fcs\u00fc, \u015fiddetli ya\u011f\u0131\u015f\u0131n etkisiyle kontrolden \u00e7\u0131karak, yolun sa\u011f\u0131ndaki \u00fcz\u00fcm ba\u011f\u0131na u\u00e7tu. \u00c7evredekilerin ihbar\u0131 \u00fczerine b\u00f6lgeye \u00e7ok say\u0131da, jandarma, sa\u011fl\u0131k ve itfaiye ekibi sevk edildi. 25 ki\u015finin yaraland\u0131\u011f\u0131 kazada, yaral\u0131lar \u00e7evre hastanelere sevk edildi. A\u011f\u0131r yaral\u0131 olarak hastaneye kald\u0131r\u0131lan Buldan G\u00f6\u011f\u00fcs Hastal\u0131klar\u0131 Hastanesi ameliyat hem\u015firesi Kadriye Ko\u00e7an doktorlar\u0131n t\u00fcm m\u00fcdahalesine ra\u011fmen kurtar\u0131lamad\u0131.<br \/><\/p>\n","protected":false},"excerpt":{"rendered":"<p>Denizli\u2019den Buldan\u2019a g\u00f6rev yapan memurlar\u0131 mesaiye yeti\u015ftirmek i\u00e7in yola \u00e7\u0131kan servis, kontrolden \u00e7\u0131karak \u00fcz\u00fcm ba\u011f\u0131na u\u00e7tu. 25 ki\u015finin yaraland\u0131\u011f\u0131 kazada hem\u015fire hayat\u0131n\u0131 kaybetti. Kaza, sabah saatlerinde Denizli-Manisa kara yolu Yinecekent Kav\u015fa\u011f\u0131 yak\u0131nlar\u0131nda meydana geldi. Edinilen bilgilere g\u00f6re, Denizli il merkezinde ikamet eden Buldan G\u00f6\u011f\u00fcs Hastal\u0131klar\u0131 Hastanesi ile Buldan Aile Sa\u011fl\u0131\u011f\u0131 Merkezi personelini ta\u015f\u0131yan servis minib\u00fcs\u00fc,&#8230;<\/p>\n","protected":false},"author":1,"featured_media":83268,"comment_status":"open","ping_status":"open","sticky":false,"template":"","format":"standard","meta":{"_crdt_document":"","footnotes":""},"categories":[5],"tags":[],"class_list":["post-83267","post","type-post","status-publish","format-standard","has-post-thumbnail","hentry","category-asayis"],"_links":{"self":[{"href":"https:\/\/www.egemtv.com\/index.php?rest_route=\/wp\/v2\/posts\/83267","targetHints":{"allow":["GET"]}}],"collection":[{"href":"https:\/\/www.egemtv.com\/index.php?rest_route=\/wp\/v2\/posts"}],"about":[{"href":"https:\/\/www.egemtv.com\/index.php?rest_route=\/wp\/v2\/types\/post"}],"author":[{"embeddable":true,"href":"https:\/\/www.egemtv.com\/index.php?rest_route=\/wp\/v2\/users\/1"}],"replies":[{"embeddable":true,"href":"https:\/\/www.egemtv.com\/index.php?rest_route=%2Fwp%2Fv2%2Fcomments&post=83267"}],"version-history":[{"count":1,"href":"https:\/\/www.egemtv.com\/index.php?rest_route=\/wp\/v2\/posts\/83267\/revisions"}],"predecessor-version":[{"id":83269,"href":"https:\/\/www.egemtv.com\/index.php?rest_route=\/wp\/v2\/posts\/83267\/revisions\/83269"}],"wp:featuredmedia":[{"embeddable":true,"href":"https:\/\/www.egemtv.com\/index.php?rest_route=\/wp\/v2\/media\/83268"}],"wp:attachment":[{"href":"https:\/\/www.egemtv.com\/index.php?rest_route=%2Fwp%2Fv2%2Fmedia&parent=83267"}],"wp:term":[{"taxonomy":"category","embeddable":true,"href":"https:\/\/www.egemtv.com\/index.php?rest_route=%2Fwp%2Fv2%2Fcategories&post=83267"},{"taxonomy":"post_tag","embeddable":true,"href":"https:\/\/www.egemtv.com\/index.php?rest_route=%2Fwp%2Fv2%2Ftags&post=83267"}],"curies":[{"name":"wp","href":"https:\/\/api.w.org\/{rel}","templated":true}]}}