{"id":83264,"date":"2026-01-27T10:14:49","date_gmt":"2026-01-27T07:14:49","guid":{"rendered":"https:\/\/www.egemtv.com\/?p=83264"},"modified":"2026-01-27T10:14:51","modified_gmt":"2026-01-27T07:14:51","slug":"seker-hastasi-83-yasindaki-yasli-adam-amputasyondan-son-anda-kurtuldu","status":"publish","type":"post","link":"https:\/\/www.egemtv.com\/?p=83264","title":{"rendered":"\u015eeker hastas\u0131 83 ya\u015f\u0131ndaki ya\u015fl\u0131 adam amp\u00fctasyondan son anda kurtuldu"},"content":{"rendered":"<p>Diyabetik ayak enfeksiyonu \u015fik\u00e2yetiyle \u0130zmir B\u00fcy\u00fck\u015fehir Belediyesi E\u015frefpa\u015fa Hastanesi\u2019ne ba\u015fvuran 83 ya\u015f\u0131ndaki Artvinli Mustafa Kafa, 90 g\u00fcn s\u00fcren yo\u011fun tedavinin ard\u0131ndan sa\u011fl\u0131\u011f\u0131na kavu\u015ftu. Kafa, &#8220;Ba\u015fka hastanelerde aya\u011f\u0131m\u0131n kesilebilece\u011fini s\u00f6ylediler. Ancak burada \u2018bu aya\u011f\u0131 kurtar\u0131r\u0131z\u2019 dediler ve ba\u015fard\u0131lar&#8221; ifadelerini kulland\u0131.<br \/>\n<br \/>Diyabet hastas\u0131 83 ya\u015f\u0131ndaki Mustafa Kafa, hastal\u0131\u011f\u0131na ba\u011fl\u0131 diyabetik ayak enfeksiyonu nedeniyle Artvin\u2019de \u00e7e\u015fitli hastanelere ba\u015fvurdu. Kafa\u2019ya diyabetik ayak amp\u00fctasyonu \u00f6nerilmesine ra\u011fmen, farkl\u0131 bir tedavi umuduyla \u0130zmir B\u00fcy\u00fck\u015fehir Belediyesi E\u015frefpa\u015fa Hastanesi\u2019ne geldi. Enfeksiyon, dahiliye, ortopedi ve plastik cerrahi birimlerinin ortak \u00e7al\u0131\u015fmas\u0131yla 90 g\u00fcn boyunca tedavi edilen Kafa, sa\u011fl\u0131\u011f\u0131na kavu\u015farak taburcu edildi. Kafa, &#8220;Aya\u011f\u0131m peri\u015fan durumdayd\u0131. Ba\u015fka hastanelerde kesilece\u011fini s\u00f6ylediler. Burada \u2018bu aya\u011f\u0131 kurtar\u0131r\u0131z\u2019 dediler ve ba\u015fard\u0131lar. Hepsine \u00e7ok te\u015fekk\u00fcr ediyorum. \u015eu an iyiyim, aya\u011f\u0131ma \u00e7ocuk bakar gibi bakmam\u0131 s\u00f6ylediler, biz de buna uyaca\u011f\u0131z&#8221; ifadelerini kulland\u0131. Kafa, kendisiyle ilgilenen hekim ve hem\u015firelerle birlikte Artvin\u2019de f\u0131nd\u0131k toplayaca\u011f\u0131n\u0131n s\u00f6z\u00fcn\u00fc verdi.<\/p>\n<p>&#8220;Y\u00fcz\u00fcm\u00fcz\u00fc g\u00fcld\u00fcren bir sonu\u00e7 ald\u0131k&#8221;<br \/>\n<br \/>Mustafa Kafa\u2019n\u0131n tedavisini y\u00fcr\u00fcten E\u015frefpa\u015fa Hastanesi Enfeksiyon Hastal\u0131klar\u0131 Uzman\u0131 Dr. Altan G\u00f6kg\u00f6z, &#8220;Hastam\u0131z pek \u00e7ok merkeze ba\u015fvurmu\u015f ancak yara bak\u0131m\u0131 konusunda etkili bir tedavi alamam\u0131\u015f. Aya\u011f\u0131nda nekroz yani \u00f6l\u00fc dokular \u00e7ok fazlayd\u0131. D\u0131\u015f merkezlerde amp\u00fctasyon olabilece\u011fi s\u00f6ylenmi\u015f, ancak biz hastam\u0131z\u0131n da uyumu sayesinde iyile\u015ftirdik. Bazen \u2018uzvu keselim\u2019 denilerek \u00e7\u00f6z\u00fcm basitmi\u015f gibi d\u00fc\u015f\u00fcn\u00fclebiliyor; oysa as\u0131l zor ve do\u011fru olan, uzvu korumakt\u0131r. Tedaviyi multidisipliner \u015fekilde y\u00fcr\u00fctt\u00fck; enfeksiyon, dahiliye, ortopedi ve plastik cerrahinin ortak \u00e7al\u0131\u015fmas\u0131yla ba\u015far\u0131l\u0131 sonu\u00e7 ald\u0131k. Bak\u0131m\u0131n\u0131 yaparsa, ila\u00e7lar\u0131n\u0131 d\u00fczenli al\u0131rsa ve kontrollerine gelirse, bu hastal\u0131k bir daha tekrarlamayacakt\u0131r. Y\u00fcz\u00fcm\u00fcz\u00fc g\u00fcld\u00fcren bir sonu\u00e7 ald\u0131k ve \u00e7ok mutluyuz&#8221; dedi.<br \/>\n<br \/>E\u015frefpa\u015fa Hastanesi Ba\u015fhekimi Do\u00e7. Dr. Ba\u015fak Bayram da Kafa\u2019y\u0131 ziyaret ederek tedavisi hakk\u0131nda g\u00f6r\u00fc\u015ft\u00fc.<br \/><\/p>\n","protected":false},"excerpt":{"rendered":"<p>Diyabetik ayak enfeksiyonu \u015fik\u00e2yetiyle \u0130zmir B\u00fcy\u00fck\u015fehir Belediyesi E\u015frefpa\u015fa Hastanesi\u2019ne ba\u015fvuran 83 ya\u015f\u0131ndaki Artvinli Mustafa Kafa, 90 g\u00fcn s\u00fcren yo\u011fun tedavinin ard\u0131ndan sa\u011fl\u0131\u011f\u0131na kavu\u015ftu. Kafa, &#8220;Ba\u015fka hastanelerde aya\u011f\u0131m\u0131n kesilebilece\u011fini s\u00f6ylediler. Ancak burada \u2018bu aya\u011f\u0131 kurtar\u0131r\u0131z\u2019 dediler ve ba\u015fard\u0131lar&#8221; ifadelerini kulland\u0131. Diyabet hastas\u0131 83 ya\u015f\u0131ndaki Mustafa Kafa, hastal\u0131\u011f\u0131na ba\u011fl\u0131 diyabetik ayak enfeksiyonu nedeniyle Artvin\u2019de \u00e7e\u015fitli hastanelere ba\u015fvurdu&#8230;.<\/p>\n","protected":false},"author":1,"featured_media":83265,"comment_status":"open","ping_status":"open","sticky":false,"template":"","format":"standard","meta":{"_crdt_document":"","footnotes":""},"categories":[2],"tags":[],"class_list":["post-83264","post","type-post","status-publish","format-standard","has-post-thumbnail","hentry","category-saglik"],"_links":{"self":[{"href":"https:\/\/www.egemtv.com\/index.php?rest_route=\/wp\/v2\/posts\/83264","targetHints":{"allow":["GET"]}}],"collection":[{"href":"https:\/\/www.egemtv.com\/index.php?rest_route=\/wp\/v2\/posts"}],"about":[{"href":"https:\/\/www.egemtv.com\/index.php?rest_route=\/wp\/v2\/types\/post"}],"author":[{"embeddable":true,"href":"https:\/\/www.egemtv.com\/index.php?rest_route=\/wp\/v2\/users\/1"}],"replies":[{"embeddable":true,"href":"https:\/\/www.egemtv.com\/index.php?rest_route=%2Fwp%2Fv2%2Fcomments&post=83264"}],"version-history":[{"count":1,"href":"https:\/\/www.egemtv.com\/index.php?rest_route=\/wp\/v2\/posts\/83264\/revisions"}],"predecessor-version":[{"id":83266,"href":"https:\/\/www.egemtv.com\/index.php?rest_route=\/wp\/v2\/posts\/83264\/revisions\/83266"}],"wp:featuredmedia":[{"embeddable":true,"href":"https:\/\/www.egemtv.com\/index.php?rest_route=\/wp\/v2\/media\/83265"}],"wp:attachment":[{"href":"https:\/\/www.egemtv.com\/index.php?rest_route=%2Fwp%2Fv2%2Fmedia&parent=83264"}],"wp:term":[{"taxonomy":"category","embeddable":true,"href":"https:\/\/www.egemtv.com\/index.php?rest_route=%2Fwp%2Fv2%2Fcategories&post=83264"},{"taxonomy":"post_tag","embeddable":true,"href":"https:\/\/www.egemtv.com\/index.php?rest_route=%2Fwp%2Fv2%2Ftags&post=83264"}],"curies":[{"name":"wp","href":"https:\/\/api.w.org\/{rel}","templated":true}]}}