{"id":83261,"date":"2026-01-27T09:55:53","date_gmt":"2026-01-27T06:55:53","guid":{"rendered":"https:\/\/www.egemtv.com\/?p=83261"},"modified":"2026-01-27T09:55:54","modified_gmt":"2026-01-27T06:55:54","slug":"didimde-18-yil-hapis-cezasi-ile-arana-sahis-yakalandi","status":"publish","type":"post","link":"https:\/\/www.egemtv.com\/?p=83261","title":{"rendered":"Didim\u2019de 18 y\u0131l hapis cezas\u0131 ile arana \u015fah\u0131s yakaland\u0131"},"content":{"rendered":"<p>Ayd\u0131n\u2019\u0131n Didim il\u00e7esinde jandarma ekipleri taraf\u0131ndan yap\u0131lan \u00e7al\u0131\u015fmada uyu\u015fturucu su\u00e7undan 18 y\u0131l 9 ay hapis cezas\u0131 bulunan \u015fah\u0131s yakaland\u0131.<br \/>\n<br \/>Ayd\u0131n \u0130l Jandarma Komutanl\u0131\u011f\u0131 Didim \u0130l\u00e7e Jandarma Komutanl\u0131\u011f\u0131 ekipleri taraf\u0131ndan, aranan \u015fah\u0131slar\u0131n yakalanmas\u0131na y\u00f6nelik y\u00fcr\u00fct\u00fclen \u00e7al\u0131\u015fmalarda, Uyu\u015fturucu Madde \u0130mal ve Ticareti su\u00e7undan aranan ve hakk\u0131nda 18 y\u0131l 9 ay kesinle\u015fmi\u015f hapis cezas\u0131 bulunan G.K. (26) yakaland\u0131. Yakalanan h\u00fck\u00fcml\u00fc, adli i\u015flemlerinin tamamlanmas\u0131n\u0131n ard\u0131ndan Kapal\u0131 Ceza \u0130nfaz Kurumu\u2019na teslim edildi.<br \/><\/p>\n","protected":false},"excerpt":{"rendered":"<p>Ayd\u0131n\u2019\u0131n Didim il\u00e7esinde jandarma ekipleri taraf\u0131ndan yap\u0131lan \u00e7al\u0131\u015fmada uyu\u015fturucu su\u00e7undan 18 y\u0131l 9 ay hapis cezas\u0131 bulunan \u015fah\u0131s yakaland\u0131. Ayd\u0131n \u0130l Jandarma Komutanl\u0131\u011f\u0131 Didim \u0130l\u00e7e Jandarma Komutanl\u0131\u011f\u0131 ekipleri taraf\u0131ndan, aranan \u015fah\u0131slar\u0131n yakalanmas\u0131na y\u00f6nelik y\u00fcr\u00fct\u00fclen \u00e7al\u0131\u015fmalarda, Uyu\u015fturucu Madde \u0130mal ve Ticareti su\u00e7undan aranan ve hakk\u0131nda 18 y\u0131l 9 ay kesinle\u015fmi\u015f hapis cezas\u0131 bulunan G.K. (26) yakaland\u0131&#8230;.<\/p>\n","protected":false},"author":1,"featured_media":83262,"comment_status":"open","ping_status":"open","sticky":false,"template":"","format":"standard","meta":{"_crdt_document":"","footnotes":""},"categories":[1],"tags":[],"class_list":["post-83261","post","type-post","status-publish","format-standard","has-post-thumbnail","hentry","category-guncel"],"_links":{"self":[{"href":"https:\/\/www.egemtv.com\/index.php?rest_route=\/wp\/v2\/posts\/83261","targetHints":{"allow":["GET"]}}],"collection":[{"href":"https:\/\/www.egemtv.com\/index.php?rest_route=\/wp\/v2\/posts"}],"about":[{"href":"https:\/\/www.egemtv.com\/index.php?rest_route=\/wp\/v2\/types\/post"}],"author":[{"embeddable":true,"href":"https:\/\/www.egemtv.com\/index.php?rest_route=\/wp\/v2\/users\/1"}],"replies":[{"embeddable":true,"href":"https:\/\/www.egemtv.com\/index.php?rest_route=%2Fwp%2Fv2%2Fcomments&post=83261"}],"version-history":[{"count":1,"href":"https:\/\/www.egemtv.com\/index.php?rest_route=\/wp\/v2\/posts\/83261\/revisions"}],"predecessor-version":[{"id":83263,"href":"https:\/\/www.egemtv.com\/index.php?rest_route=\/wp\/v2\/posts\/83261\/revisions\/83263"}],"wp:featuredmedia":[{"embeddable":true,"href":"https:\/\/www.egemtv.com\/index.php?rest_route=\/wp\/v2\/media\/83262"}],"wp:attachment":[{"href":"https:\/\/www.egemtv.com\/index.php?rest_route=%2Fwp%2Fv2%2Fmedia&parent=83261"}],"wp:term":[{"taxonomy":"category","embeddable":true,"href":"https:\/\/www.egemtv.com\/index.php?rest_route=%2Fwp%2Fv2%2Fcategories&post=83261"},{"taxonomy":"post_tag","embeddable":true,"href":"https:\/\/www.egemtv.com\/index.php?rest_route=%2Fwp%2Fv2%2Ftags&post=83261"}],"curies":[{"name":"wp","href":"https:\/\/api.w.org\/{rel}","templated":true}]}}