{"id":83258,"date":"2026-01-27T00:34:41","date_gmt":"2026-01-26T21:34:41","guid":{"rendered":"https:\/\/www.egemtv.com\/?p=83258"},"modified":"2026-01-27T00:34:42","modified_gmt":"2026-01-26T21:34:42","slug":"kusadasinda-saganak-yagis-yollari-gole-cevirdi","status":"publish","type":"post","link":"https:\/\/www.egemtv.com\/?p=83258","title":{"rendered":"Ku\u015fadas\u0131\u2019nda sa\u011fanak ya\u011f\u0131\u015f yollar\u0131 g\u00f6le \u00e7evirdi"},"content":{"rendered":"<p>Ayd\u0131n\u2019\u0131n Ku\u015fadas\u0131 il\u00e7esinde etkili olan sa\u011fanak ya\u011f\u0131\u015f yollar\u0131 g\u00f6le \u00e7evirdi, baz\u0131 ara\u00e7lar suda mahsur kald\u0131.<\/p>\n<p>Ku\u015fadas\u0131\u2019nda aniden bast\u0131ran sa\u011fanak ya\u011f\u0131\u015f, sadece 15 dakika i\u00e7inde yollar\u0131 g\u00f6le \u00e7evirdi. Yollarda ve ara sokaklarda olu\u015fan su birikintileri nedeniyle baz\u0131 ara\u00e7lar mahsur kald\u0131, s\u00fcr\u00fcc\u00fcler zor anlar ya\u015fad\u0131. Yollardaki sel sular\u0131n\u0131n derinle\u015fti\u011fi noktalarda baz\u0131 ara\u00e7lar su birikintisi i\u00e7inde kalarak ilerleyemedi. Motoru su alan ve stop eden ara\u00e7lar\u0131n imdad\u0131na \u00e7evredeki vatanda\u015flar yeti\u015firken, s\u00fcr\u00fcc\u00fcler suyun ortas\u0131nda \u00e7aresiz bekledi. Ya\u011f\u0131\u015f\u0131n dinmesinin ard\u0131ndan belediye ekipleri, suyun tahliyesi ve t\u0131kanan r\u00f6garlar\u0131n a\u00e7\u0131lmas\u0131 i\u00e7in b\u00f6lgede \u00e7al\u0131\u015fma ba\u015flatt\u0131. Trafik, sular\u0131n \u00e7ekilmesiyle birlikte kontroll\u00fc olarak normale d\u00f6nd\u00fc. Ya\u011f\u0131\u015flar\u0131n \u00f6n\u00fcm\u00fczdeki saatlerde de aral\u0131klarla etkili olmas\u0131 bekleniyor.<br \/><\/p>\n","protected":false},"excerpt":{"rendered":"<p>Ayd\u0131n\u2019\u0131n Ku\u015fadas\u0131 il\u00e7esinde etkili olan sa\u011fanak ya\u011f\u0131\u015f yollar\u0131 g\u00f6le \u00e7evirdi, baz\u0131 ara\u00e7lar suda mahsur kald\u0131. Ku\u015fadas\u0131\u2019nda aniden bast\u0131ran sa\u011fanak ya\u011f\u0131\u015f, sadece 15 dakika i\u00e7inde yollar\u0131 g\u00f6le \u00e7evirdi. Yollarda ve ara sokaklarda olu\u015fan su birikintileri nedeniyle baz\u0131 ara\u00e7lar mahsur kald\u0131, s\u00fcr\u00fcc\u00fcler zor anlar ya\u015fad\u0131. Yollardaki sel sular\u0131n\u0131n derinle\u015fti\u011fi noktalarda baz\u0131 ara\u00e7lar su birikintisi i\u00e7inde kalarak ilerleyemedi&#8230;.<\/p>\n","protected":false},"author":1,"featured_media":83259,"comment_status":"open","ping_status":"open","sticky":false,"template":"","format":"standard","meta":{"_crdt_document":"","footnotes":""},"categories":[1],"tags":[],"class_list":["post-83258","post","type-post","status-publish","format-standard","has-post-thumbnail","hentry","category-guncel"],"_links":{"self":[{"href":"https:\/\/www.egemtv.com\/index.php?rest_route=\/wp\/v2\/posts\/83258","targetHints":{"allow":["GET"]}}],"collection":[{"href":"https:\/\/www.egemtv.com\/index.php?rest_route=\/wp\/v2\/posts"}],"about":[{"href":"https:\/\/www.egemtv.com\/index.php?rest_route=\/wp\/v2\/types\/post"}],"author":[{"embeddable":true,"href":"https:\/\/www.egemtv.com\/index.php?rest_route=\/wp\/v2\/users\/1"}],"replies":[{"embeddable":true,"href":"https:\/\/www.egemtv.com\/index.php?rest_route=%2Fwp%2Fv2%2Fcomments&post=83258"}],"version-history":[{"count":1,"href":"https:\/\/www.egemtv.com\/index.php?rest_route=\/wp\/v2\/posts\/83258\/revisions"}],"predecessor-version":[{"id":83260,"href":"https:\/\/www.egemtv.com\/index.php?rest_route=\/wp\/v2\/posts\/83258\/revisions\/83260"}],"wp:featuredmedia":[{"embeddable":true,"href":"https:\/\/www.egemtv.com\/index.php?rest_route=\/wp\/v2\/media\/83259"}],"wp:attachment":[{"href":"https:\/\/www.egemtv.com\/index.php?rest_route=%2Fwp%2Fv2%2Fmedia&parent=83258"}],"wp:term":[{"taxonomy":"category","embeddable":true,"href":"https:\/\/www.egemtv.com\/index.php?rest_route=%2Fwp%2Fv2%2Fcategories&post=83258"},{"taxonomy":"post_tag","embeddable":true,"href":"https:\/\/www.egemtv.com\/index.php?rest_route=%2Fwp%2Fv2%2Ftags&post=83258"}],"curies":[{"name":"wp","href":"https:\/\/api.w.org\/{rel}","templated":true}]}}