{"id":83255,"date":"2026-01-27T00:14:38","date_gmt":"2026-01-26T21:14:38","guid":{"rendered":"https:\/\/www.egemtv.com\/?p=83255"},"modified":"2026-01-27T00:14:39","modified_gmt":"2026-01-26T21:14:39","slug":"kutahya-eskisehir-karayolunda-meyve-yuklu-tir-devrildi","status":"publish","type":"post","link":"https:\/\/www.egemtv.com\/?p=83255","title":{"rendered":"K\u00fctahya-Eski\u015fehir karayolunda meyve y\u00fckl\u00fc t\u0131r devrildi"},"content":{"rendered":"<p>K\u00fctahya-Eski\u015fehir karayolunda etkili olan sa\u011fanak ya\u011f\u0131\u015f, trafik kazas\u0131na yol a\u00e7t\u0131. K\u00fctahya\u2019ya ba\u011fl\u0131 Sof\u00e7a k\u00f6y\u00fc yak\u0131nlar\u0131nda seyir halinde bulunan meyve y\u00fckl\u00fc bir t\u0131r, yolun kayganla\u015fmas\u0131 sonucu kontrolden \u00e7\u0131karak devrildi.<br \/>\n<br \/>Edinilen bilgilere g\u00f6re, 07 TBZ 44 plakal\u0131 t\u0131r, ya\u011f\u0131\u015f nedeniyle s\u00fcr\u00fcc\u00fcs\u00fcn\u00fcn direksiyon h\u00e2kimiyetini kaybetmesi sonucu yan yatt\u0131. Kazayla birlikte t\u0131r\u0131n dorsesinde bulunan meyveler karayoluna sa\u00e7\u0131ld\u0131. Kazada s\u00fcr\u00fcc\u00fcn\u00fcn yara almad\u0131\u011f\u0131 \u00f6\u011frenilirken, olay b\u00f6lgede k\u0131sa s\u00fcreli pani\u011fe neden oldu. Ba\u015fka bir arac\u0131n kazaya kar\u0131\u015fmamas\u0131 ise muhtemel bir facian\u0131n \u00f6n\u00fcne ge\u00e7ti. \u0130hbar \u00fczerine olay yerine itfaiye, sa\u011fl\u0131k ve jandarma ekipleri sevk edildi. G\u00fcvenlik \u00f6nlemleri kapsam\u0131nda K\u00fctahya-Eski\u015fehir karayolu bir s\u00fcre trafi\u011fe kapat\u0131ld\u0131.<br \/>\n<br \/>Ekiplerinin \u00e7al\u0131\u015fmas\u0131n\u0131n ard\u0131ndan yol, kontroll\u00fc \u015fekilde yeniden ula\u015f\u0131ma a\u00e7\u0131ld\u0131.<br \/><\/p>\n","protected":false},"excerpt":{"rendered":"<p>K\u00fctahya-Eski\u015fehir karayolunda etkili olan sa\u011fanak ya\u011f\u0131\u015f, trafik kazas\u0131na yol a\u00e7t\u0131. K\u00fctahya\u2019ya ba\u011fl\u0131 Sof\u00e7a k\u00f6y\u00fc yak\u0131nlar\u0131nda seyir halinde bulunan meyve y\u00fckl\u00fc bir t\u0131r, yolun kayganla\u015fmas\u0131 sonucu kontrolden \u00e7\u0131karak devrildi. Edinilen bilgilere g\u00f6re, 07 TBZ 44 plakal\u0131 t\u0131r, ya\u011f\u0131\u015f nedeniyle s\u00fcr\u00fcc\u00fcs\u00fcn\u00fcn direksiyon h\u00e2kimiyetini kaybetmesi sonucu yan yatt\u0131. Kazayla birlikte t\u0131r\u0131n dorsesinde bulunan meyveler karayoluna sa\u00e7\u0131ld\u0131. Kazada s\u00fcr\u00fcc\u00fcn\u00fcn&#8230;<\/p>\n","protected":false},"author":1,"featured_media":83256,"comment_status":"open","ping_status":"open","sticky":false,"template":"","format":"standard","meta":{"_crdt_document":"","footnotes":""},"categories":[5],"tags":[],"class_list":["post-83255","post","type-post","status-publish","format-standard","has-post-thumbnail","hentry","category-asayis"],"_links":{"self":[{"href":"https:\/\/www.egemtv.com\/index.php?rest_route=\/wp\/v2\/posts\/83255","targetHints":{"allow":["GET"]}}],"collection":[{"href":"https:\/\/www.egemtv.com\/index.php?rest_route=\/wp\/v2\/posts"}],"about":[{"href":"https:\/\/www.egemtv.com\/index.php?rest_route=\/wp\/v2\/types\/post"}],"author":[{"embeddable":true,"href":"https:\/\/www.egemtv.com\/index.php?rest_route=\/wp\/v2\/users\/1"}],"replies":[{"embeddable":true,"href":"https:\/\/www.egemtv.com\/index.php?rest_route=%2Fwp%2Fv2%2Fcomments&post=83255"}],"version-history":[{"count":1,"href":"https:\/\/www.egemtv.com\/index.php?rest_route=\/wp\/v2\/posts\/83255\/revisions"}],"predecessor-version":[{"id":83257,"href":"https:\/\/www.egemtv.com\/index.php?rest_route=\/wp\/v2\/posts\/83255\/revisions\/83257"}],"wp:featuredmedia":[{"embeddable":true,"href":"https:\/\/www.egemtv.com\/index.php?rest_route=\/wp\/v2\/media\/83256"}],"wp:attachment":[{"href":"https:\/\/www.egemtv.com\/index.php?rest_route=%2Fwp%2Fv2%2Fmedia&parent=83255"}],"wp:term":[{"taxonomy":"category","embeddable":true,"href":"https:\/\/www.egemtv.com\/index.php?rest_route=%2Fwp%2Fv2%2Fcategories&post=83255"},{"taxonomy":"post_tag","embeddable":true,"href":"https:\/\/www.egemtv.com\/index.php?rest_route=%2Fwp%2Fv2%2Ftags&post=83255"}],"curies":[{"name":"wp","href":"https:\/\/api.w.org\/{rel}","templated":true}]}}