{"id":83252,"date":"2026-01-26T23:14:38","date_gmt":"2026-01-26T20:14:38","guid":{"rendered":"https:\/\/www.egemtv.com\/?p=83252"},"modified":"2026-01-26T23:14:39","modified_gmt":"2026-01-26T20:14:39","slug":"izmirde-taksicilerden-turk-bayrakli-konvoy","status":"publish","type":"post","link":"https:\/\/www.egemtv.com\/?p=83252","title":{"rendered":"\u0130zmir\u2019de taksicilerden T\u00fcrk bayrakl\u0131 konvoy"},"content":{"rendered":"<p>\u0130zmir\u2019de \u015eof\u00f6rler ve Otomobilciler Esnaf Odas\u0131 \u00fcyeleri, Suriye s\u0131n\u0131r\u0131nda T\u00fcrk bayra\u011f\u0131na y\u00f6nelik ger\u00e7ekle\u015ftirilen sald\u0131r\u0131ya tepki amac\u0131yla ara\u00e7lar\u0131n\u0131 bayraklarla donat\u0131p konvoy halinde \u015fehir turu att\u0131.<br \/>\n<br \/>Ge\u00e7ti\u011fimiz g\u00fcnlerde Suriye s\u0131n\u0131r\u0131na yak\u0131n bir b\u00f6lgede T\u00fcrk bayra\u011f\u0131na yap\u0131lan sald\u0131r\u0131 \u00fczerine \u0130zmir \u015eof\u00f6rler ve Otomobilciler Esnaf Odas\u0131 \u00f6nc\u00fcl\u00fc\u011f\u00fcnde bir araya gelen taksici esnaf\u0131, ara\u00e7lar\u0131n\u0131 T\u00fcrk bayraklar\u0131yla donatt\u0131. S\u00fcr\u00fcc\u00fcler, \u015fehrin ana arterlerinde konvoy olu\u015fturdu. Kornalar e\u015fli\u011finde \u015fehir turu atan taksicilere konvoyun ge\u00e7i\u015fi s\u0131ras\u0131nda \u00e7evredeki vatanda\u015flar da destek verdi.<br \/>\n<br \/>\u0130zmir \u015eof\u00f6rler ve Otomobilciler Esnaf Odas\u0131 Ba\u015fkan\u0131 Erkan \u00d6zkan, \u0130zmirli taksici esnaf\u0131 olarak milli birlik ve beraberli\u011fi sergilemek ad\u0131na oda binas\u0131na bayrak \u00e7ektiklerini ve ticari ara\u00e7lar\u0131n\u0131 bayraklarla donatt\u0131klar\u0131n\u0131 s\u00f6yledi. \u0130zmir\u2019den t\u00fcm T\u00fcrkiye\u2019ye birlik mesaj\u0131 veren \u00d6zkan, &#8220;Milli duru\u015fumuzu sergilemek \u00fczere bir araya geldik. Bat\u0131n\u0131n en u\u00e7 noktas\u0131 \u0130zmir\u2019den Anadolu\u2019nun en \u00fccra k\u00f6\u015fesine kadar t\u00fcm T\u00fcrkiye\u2019ye \u015fu mesaj\u0131 vermek istiyoruz: Rengini \u015fehitlerimizin kan\u0131ndan alan al bayra\u011f\u0131m\u0131za kimse el uzatamaz. Bu topraklarda bayrak g\u00f6nderden inmeyecek, ezan sesi dinmeyecektir&#8221; dedi.<br \/>\n<br \/>Oda y\u00f6netiminin ve \u00fcyelerinin T\u00fcrkiye\u2019nin k\u00fclt\u00fcrel zenginli\u011fini yans\u0131tt\u0131\u011f\u0131na dikkat \u00e7eken \u00d6zkan, &#8220;T\u00fcrkiye Cumhuriyeti, milli birlik ve beraberlik ruhuna sahip, b\u00fcnyesinde her t\u00fcrl\u00fc k\u00fclt\u00fcrel zenginli\u011fi bar\u0131nd\u0131ran b\u00fcy\u00fck bir ailedir. Aram\u0131zda T\u00fcrkiye\u2019nin d\u00f6rt bir yan\u0131ndan, g\u00fcneydo\u011fudan gelen karde\u015flerimiz ve y\u00f6neticilerimiz bulunmaktad\u0131r. Dolay\u0131s\u0131yla bayra\u011f\u0131m\u0131za yap\u0131lan bu menfur eylemler, do\u011frudan milli birli\u011fimize yap\u0131lm\u0131\u015f bir sald\u0131r\u0131d\u0131r. T\u00fcrk toplumu olarak bu konuda uyan\u0131k olmam\u0131z gerekmektedir&#8221; \u015feklinde konu\u015ftu.<br \/>\n<br \/>Vatanda\u015flar\u0131 provokasyonlara kar\u015f\u0131 dikkatli olmaya \u00e7a\u011f\u0131ran \u00d6zkan, &#8220;Bayra\u011f\u0131m\u0131za yap\u0131lan her t\u00fcrl\u00fc sald\u0131r\u0131, milletimizin onuruna yap\u0131lm\u0131\u015ft\u0131r ve birli\u011fimizi hedef almaktad\u0131r. Kimse bu provokasyonlara alet olmamal\u0131d\u0131r. Bizler \u0130zmir\u2019de g\u00f6\u00e7meni, \u00c7erkez\u2019i, K\u00fcrt\u2019\u00fc ve T\u00fcrk\u2019\u00fc ile bir mozai\u011fiz. Birli\u011fimizi bozmaya y\u00f6nelik bu provokatif oyunlara gelmedik, gelmeyece\u011fiz&#8221; a\u00e7\u0131klamas\u0131nda bulundu.<br \/><\/p>\n","protected":false},"excerpt":{"rendered":"<p>\u0130zmir\u2019de \u015eof\u00f6rler ve Otomobilciler Esnaf Odas\u0131 \u00fcyeleri, Suriye s\u0131n\u0131r\u0131nda T\u00fcrk bayra\u011f\u0131na y\u00f6nelik ger\u00e7ekle\u015ftirilen sald\u0131r\u0131ya tepki amac\u0131yla ara\u00e7lar\u0131n\u0131 bayraklarla donat\u0131p konvoy halinde \u015fehir turu att\u0131. Ge\u00e7ti\u011fimiz g\u00fcnlerde Suriye s\u0131n\u0131r\u0131na yak\u0131n bir b\u00f6lgede T\u00fcrk bayra\u011f\u0131na yap\u0131lan sald\u0131r\u0131 \u00fczerine \u0130zmir \u015eof\u00f6rler ve Otomobilciler Esnaf Odas\u0131 \u00f6nc\u00fcl\u00fc\u011f\u00fcnde bir araya gelen taksici esnaf\u0131, ara\u00e7lar\u0131n\u0131 T\u00fcrk bayraklar\u0131yla donatt\u0131. S\u00fcr\u00fcc\u00fcler, \u015fehrin ana&#8230;<\/p>\n","protected":false},"author":1,"featured_media":83253,"comment_status":"open","ping_status":"open","sticky":false,"template":"","format":"standard","meta":{"_crdt_document":"","footnotes":""},"categories":[1],"tags":[],"class_list":["post-83252","post","type-post","status-publish","format-standard","has-post-thumbnail","hentry","category-guncel"],"_links":{"self":[{"href":"https:\/\/www.egemtv.com\/index.php?rest_route=\/wp\/v2\/posts\/83252","targetHints":{"allow":["GET"]}}],"collection":[{"href":"https:\/\/www.egemtv.com\/index.php?rest_route=\/wp\/v2\/posts"}],"about":[{"href":"https:\/\/www.egemtv.com\/index.php?rest_route=\/wp\/v2\/types\/post"}],"author":[{"embeddable":true,"href":"https:\/\/www.egemtv.com\/index.php?rest_route=\/wp\/v2\/users\/1"}],"replies":[{"embeddable":true,"href":"https:\/\/www.egemtv.com\/index.php?rest_route=%2Fwp%2Fv2%2Fcomments&post=83252"}],"version-history":[{"count":1,"href":"https:\/\/www.egemtv.com\/index.php?rest_route=\/wp\/v2\/posts\/83252\/revisions"}],"predecessor-version":[{"id":83254,"href":"https:\/\/www.egemtv.com\/index.php?rest_route=\/wp\/v2\/posts\/83252\/revisions\/83254"}],"wp:featuredmedia":[{"embeddable":true,"href":"https:\/\/www.egemtv.com\/index.php?rest_route=\/wp\/v2\/media\/83253"}],"wp:attachment":[{"href":"https:\/\/www.egemtv.com\/index.php?rest_route=%2Fwp%2Fv2%2Fmedia&parent=83252"}],"wp:term":[{"taxonomy":"category","embeddable":true,"href":"https:\/\/www.egemtv.com\/index.php?rest_route=%2Fwp%2Fv2%2Fcategories&post=83252"},{"taxonomy":"post_tag","embeddable":true,"href":"https:\/\/www.egemtv.com\/index.php?rest_route=%2Fwp%2Fv2%2Ftags&post=83252"}],"curies":[{"name":"wp","href":"https:\/\/api.w.org\/{rel}","templated":true}]}}