{"id":83249,"date":"2026-01-26T22:45:32","date_gmt":"2026-01-26T19:45:32","guid":{"rendered":"https:\/\/www.egemtv.com\/?p=83249"},"modified":"2026-01-26T22:45:33","modified_gmt":"2026-01-26T19:45:33","slug":"afyonkarahisarda-oldurulen-kopekle-ilgili-cok-yonlu-sorusturma","status":"publish","type":"post","link":"https:\/\/www.egemtv.com\/?p=83249","title":{"rendered":"Afyonkarahisar\u2019da \u00f6ld\u00fcr\u00fclen k\u00f6pekle ilgili \u00e7ok y\u00f6nl\u00fc soru\u015fturma"},"content":{"rendered":"<p>Afyonkarahisar\u2019da bir parktaki \u00e7arda\u011fa as\u0131lan sokak k\u00f6pe\u011fi katledilirken, Bolvadin Kaymakaml\u0131\u011f\u0131\u2019ndan yap\u0131lan a\u00e7\u0131klamada olayla ilgili \u00e7ok y\u00f6nl\u00fc inceleme ba\u015flat\u0131ld\u0131\u011f\u0131 belirtildi.<br \/>\n<br \/>Olay, Bolvadin il\u00e7esine ba\u011fl\u0131 Di\u015fli beldesinde meydana geldi. Bir parktaki \u00e7arda\u011fa as\u0131lan sokak k\u00f6pe\u011fi katledildi. \u0130hbar \u00fczerine b\u00f6lgeye gelen jandarma ekipleri inceleme ba\u015flatt\u0131. Bolvadin Kaymakaml\u0131\u011f\u0131\u2019ndan olayla ilgili yap\u0131lan a\u00e7\u0131klamada ise \u015fu ifadelere yer verildi:<br \/>\n<br \/>&#8220;Bolvadin il\u00e7emize ba\u011fl\u0131 Di\u015fli beldesi s\u0131n\u0131rlar\u0131 i\u00e7erisinde sahipsiz bir hayvana y\u00f6nelik eziyet g\u00f6r\u00fcnt\u00fclerine dair ilgili birimlerimiz ivedilikle harekete ge\u00e7irilmi\u015ftir. S\u00f6z konusu olay\u0131n meydana geli\u015f \u015fekli ve sorumlular\u0131n tespitine y\u00f6nelik soru\u015fturma s\u00fcreci devam etmektedir. Sahipsiz hayvanlara y\u00f6nelik her t\u00fcrl\u00fc k\u00f6t\u00fc muamele ve \u015fiddet eylemi su\u00e7 te\u015fkil etmekte olup, bu t\u00fcr fiillere kar\u015f\u0131 gerekli yasal i\u015flemler kararl\u0131l\u0131kla uygulanacakt\u0131r. S\u00fcre\u00e7, ilgili mevzuat \u00e7er\u00e7evesinde titizlikle takip edilmektedir.&#8221;<br \/><\/p>\n","protected":false},"excerpt":{"rendered":"<p>Afyonkarahisar\u2019da bir parktaki \u00e7arda\u011fa as\u0131lan sokak k\u00f6pe\u011fi katledilirken, Bolvadin Kaymakaml\u0131\u011f\u0131\u2019ndan yap\u0131lan a\u00e7\u0131klamada olayla ilgili \u00e7ok y\u00f6nl\u00fc inceleme ba\u015flat\u0131ld\u0131\u011f\u0131 belirtildi. Olay, Bolvadin il\u00e7esine ba\u011fl\u0131 Di\u015fli beldesinde meydana geldi. Bir parktaki \u00e7arda\u011fa as\u0131lan sokak k\u00f6pe\u011fi katledildi. \u0130hbar \u00fczerine b\u00f6lgeye gelen jandarma ekipleri inceleme ba\u015flatt\u0131. Bolvadin Kaymakaml\u0131\u011f\u0131\u2019ndan olayla ilgili yap\u0131lan a\u00e7\u0131klamada ise \u015fu ifadelere yer verildi: &#8220;Bolvadin il\u00e7emize&#8230;<\/p>\n","protected":false},"author":1,"featured_media":83250,"comment_status":"open","ping_status":"open","sticky":false,"template":"","format":"standard","meta":{"_crdt_document":"","footnotes":""},"categories":[5],"tags":[],"class_list":["post-83249","post","type-post","status-publish","format-standard","has-post-thumbnail","hentry","category-asayis"],"_links":{"self":[{"href":"https:\/\/www.egemtv.com\/index.php?rest_route=\/wp\/v2\/posts\/83249","targetHints":{"allow":["GET"]}}],"collection":[{"href":"https:\/\/www.egemtv.com\/index.php?rest_route=\/wp\/v2\/posts"}],"about":[{"href":"https:\/\/www.egemtv.com\/index.php?rest_route=\/wp\/v2\/types\/post"}],"author":[{"embeddable":true,"href":"https:\/\/www.egemtv.com\/index.php?rest_route=\/wp\/v2\/users\/1"}],"replies":[{"embeddable":true,"href":"https:\/\/www.egemtv.com\/index.php?rest_route=%2Fwp%2Fv2%2Fcomments&post=83249"}],"version-history":[{"count":1,"href":"https:\/\/www.egemtv.com\/index.php?rest_route=\/wp\/v2\/posts\/83249\/revisions"}],"predecessor-version":[{"id":83251,"href":"https:\/\/www.egemtv.com\/index.php?rest_route=\/wp\/v2\/posts\/83249\/revisions\/83251"}],"wp:featuredmedia":[{"embeddable":true,"href":"https:\/\/www.egemtv.com\/index.php?rest_route=\/wp\/v2\/media\/83250"}],"wp:attachment":[{"href":"https:\/\/www.egemtv.com\/index.php?rest_route=%2Fwp%2Fv2%2Fmedia&parent=83249"}],"wp:term":[{"taxonomy":"category","embeddable":true,"href":"https:\/\/www.egemtv.com\/index.php?rest_route=%2Fwp%2Fv2%2Fcategories&post=83249"},{"taxonomy":"post_tag","embeddable":true,"href":"https:\/\/www.egemtv.com\/index.php?rest_route=%2Fwp%2Fv2%2Ftags&post=83249"}],"curies":[{"name":"wp","href":"https:\/\/api.w.org\/{rel}","templated":true}]}}