{"id":83246,"date":"2026-01-26T20:54:43","date_gmt":"2026-01-26T17:54:43","guid":{"rendered":"https:\/\/www.egemtv.com\/?p=83246"},"modified":"2026-01-26T20:54:44","modified_gmt":"2026-01-26T17:54:44","slug":"usakta-bahcesindeki-firini-yikarken-duvarin-altinda-kalan-adam-yaralandi","status":"publish","type":"post","link":"https:\/\/www.egemtv.com\/?p=83246","title":{"rendered":"U\u015fak\u2019ta bah\u00e7esindeki f\u0131r\u0131n\u0131 y\u0131karken duvar\u0131n alt\u0131nda kalan adam yaraland\u0131"},"content":{"rendered":"<p>U\u015fak\u2019ta evininin bah\u00e7esindeki f\u0131r\u0131n\u0131 y\u0131karken baca duvar\u0131 \u00fczerine d\u00fc\u015fen \u015fah\u0131s yaraland\u0131.<br \/>\n<br \/>Olay, Karaa\u011fa\u00e7 Mahallesi Alt\u0131nc\u0131 Tayfun Sokak\u2019ta bulunan bir evin bah\u00e7esinde meydana geldi. Edinilen bilgilere g\u00f6re, A.T. (52) arka bah\u00e7esindeki f\u0131r\u0131n\u0131 y\u0131kmaya \u00e7al\u0131\u015ft\u0131\u011f\u0131 s\u0131rada baca duvar\u0131n\u0131n \u00fczerine devrilmesi ile yaraland\u0131. \u00c7evredeki vatanda\u015flar\u0131n durumu 112 Acil \u00c7a\u011fr\u0131 Merkezi\u2019ne bildirmesi \u00fczerine b\u00f6lgeye sa\u011fl\u0131k, polis, itfaiye ve AFAD ekipleri sevk edildi. \u0130tfaiye ekiplerince duvar\u0131n alt\u0131ndan \u00e7\u0131kar\u0131lan A.T., ambulansla U\u015fak E\u011fitim ve Ara\u015ft\u0131rma Hastanesi\u2019ne kald\u0131r\u0131ld\u0131.<br \/><\/p>\n","protected":false},"excerpt":{"rendered":"<p>U\u015fak\u2019ta evininin bah\u00e7esindeki f\u0131r\u0131n\u0131 y\u0131karken baca duvar\u0131 \u00fczerine d\u00fc\u015fen \u015fah\u0131s yaraland\u0131. Olay, Karaa\u011fa\u00e7 Mahallesi Alt\u0131nc\u0131 Tayfun Sokak\u2019ta bulunan bir evin bah\u00e7esinde meydana geldi. Edinilen bilgilere g\u00f6re, A.T. (52) arka bah\u00e7esindeki f\u0131r\u0131n\u0131 y\u0131kmaya \u00e7al\u0131\u015ft\u0131\u011f\u0131 s\u0131rada baca duvar\u0131n\u0131n \u00fczerine devrilmesi ile yaraland\u0131. \u00c7evredeki vatanda\u015flar\u0131n durumu 112 Acil \u00c7a\u011fr\u0131 Merkezi\u2019ne bildirmesi \u00fczerine b\u00f6lgeye sa\u011fl\u0131k, polis, itfaiye ve AFAD&#8230;<\/p>\n","protected":false},"author":1,"featured_media":83247,"comment_status":"open","ping_status":"open","sticky":false,"template":"","format":"standard","meta":{"_crdt_document":"","footnotes":""},"categories":[5],"tags":[],"class_list":["post-83246","post","type-post","status-publish","format-standard","has-post-thumbnail","hentry","category-asayis"],"_links":{"self":[{"href":"https:\/\/www.egemtv.com\/index.php?rest_route=\/wp\/v2\/posts\/83246","targetHints":{"allow":["GET"]}}],"collection":[{"href":"https:\/\/www.egemtv.com\/index.php?rest_route=\/wp\/v2\/posts"}],"about":[{"href":"https:\/\/www.egemtv.com\/index.php?rest_route=\/wp\/v2\/types\/post"}],"author":[{"embeddable":true,"href":"https:\/\/www.egemtv.com\/index.php?rest_route=\/wp\/v2\/users\/1"}],"replies":[{"embeddable":true,"href":"https:\/\/www.egemtv.com\/index.php?rest_route=%2Fwp%2Fv2%2Fcomments&post=83246"}],"version-history":[{"count":1,"href":"https:\/\/www.egemtv.com\/index.php?rest_route=\/wp\/v2\/posts\/83246\/revisions"}],"predecessor-version":[{"id":83248,"href":"https:\/\/www.egemtv.com\/index.php?rest_route=\/wp\/v2\/posts\/83246\/revisions\/83248"}],"wp:featuredmedia":[{"embeddable":true,"href":"https:\/\/www.egemtv.com\/index.php?rest_route=\/wp\/v2\/media\/83247"}],"wp:attachment":[{"href":"https:\/\/www.egemtv.com\/index.php?rest_route=%2Fwp%2Fv2%2Fmedia&parent=83246"}],"wp:term":[{"taxonomy":"category","embeddable":true,"href":"https:\/\/www.egemtv.com\/index.php?rest_route=%2Fwp%2Fv2%2Fcategories&post=83246"},{"taxonomy":"post_tag","embeddable":true,"href":"https:\/\/www.egemtv.com\/index.php?rest_route=%2Fwp%2Fv2%2Ftags&post=83246"}],"curies":[{"name":"wp","href":"https:\/\/api.w.org\/{rel}","templated":true}]}}