{"id":83243,"date":"2026-01-26T20:34:51","date_gmt":"2026-01-26T17:34:51","guid":{"rendered":"https:\/\/www.egemtv.com\/?p=83243"},"modified":"2026-01-26T20:34:52","modified_gmt":"2026-01-26T17:34:52","slug":"firtinada-zarar-goren-minarede-calisma-baslatildi","status":"publish","type":"post","link":"https:\/\/www.egemtv.com\/?p=83243","title":{"rendered":"F\u0131rt\u0131nada zarar g\u00f6ren minarede \u00e7al\u0131\u015fma ba\u015flat\u0131ld\u0131"},"content":{"rendered":"<p>Mu\u011fla\u2019n\u0131n Marmaris il\u00e7esinde f\u0131rt\u0131nada zarar g\u00f6ren caminin minaresinin k\u00fclah\u0131 i\u00e7in belediye ekipleri \u00e7al\u0131\u015fma ba\u015flatt\u0131.<br \/>\n<br \/>Marmaris il\u00e7esi Armutalan Mahallesi\u2019nde \u015fiddetli f\u0131rt\u0131na ve ya\u011f\u0131\u015flar\u0131n etkisi ile bir caminin minaresinin k\u00fclah\u0131 yerinden oynad\u0131. Camiden vatanda\u015flara &#8220;dikkatli olun&#8221; uyar\u0131lar\u0131 yap\u0131l\u0131rken, itfaiye ekipleri camiye gelerek geni\u015f g\u00fcvenlik \u00f6nlemleri alt\u0131nda k\u00fclah\u0131 s\u00f6kmek i\u00e7in \u00e7al\u0131\u015fma ba\u015flatt\u0131. K\u00fclah\u0131n tamir edilip tekrar yerine tak\u0131laca\u011f\u0131 \u00f6\u011frenildi.<br \/>\n<br \/>\u0130l\u00e7ede etkili olan f\u0131rt\u0131na ve ya\u011f\u0131\u015flarda iki tekne karaya oturmu\u015f ve a\u011fa\u00e7lar devrilmi\u015fti. AFAD ekipleri ve il\u00e7edeki t\u00fcm kurumlar olumsuz durumlara kar\u015f\u0131 teyakkuzda olduklar\u0131n\u0131 belirterek, yar\u0131n da etkisini s\u00fcrd\u00fcrmesi beklenen \u015fiddetli ya\u011f\u0131\u015flarda dikkatli olunmas\u0131 konusunda uyar\u0131larda bulundu.<br \/><\/p>\n","protected":false},"excerpt":{"rendered":"<p>Mu\u011fla\u2019n\u0131n Marmaris il\u00e7esinde f\u0131rt\u0131nada zarar g\u00f6ren caminin minaresinin k\u00fclah\u0131 i\u00e7in belediye ekipleri \u00e7al\u0131\u015fma ba\u015flatt\u0131. Marmaris il\u00e7esi Armutalan Mahallesi\u2019nde \u015fiddetli f\u0131rt\u0131na ve ya\u011f\u0131\u015flar\u0131n etkisi ile bir caminin minaresinin k\u00fclah\u0131 yerinden oynad\u0131. Camiden vatanda\u015flara &#8220;dikkatli olun&#8221; uyar\u0131lar\u0131 yap\u0131l\u0131rken, itfaiye ekipleri camiye gelerek geni\u015f g\u00fcvenlik \u00f6nlemleri alt\u0131nda k\u00fclah\u0131 s\u00f6kmek i\u00e7in \u00e7al\u0131\u015fma ba\u015flatt\u0131. K\u00fclah\u0131n tamir edilip tekrar yerine tak\u0131laca\u011f\u0131&#8230;<\/p>\n","protected":false},"author":1,"featured_media":83244,"comment_status":"open","ping_status":"open","sticky":false,"template":"","format":"standard","meta":{"_crdt_document":"","footnotes":""},"categories":[1],"tags":[],"class_list":["post-83243","post","type-post","status-publish","format-standard","has-post-thumbnail","hentry","category-guncel"],"_links":{"self":[{"href":"https:\/\/www.egemtv.com\/index.php?rest_route=\/wp\/v2\/posts\/83243","targetHints":{"allow":["GET"]}}],"collection":[{"href":"https:\/\/www.egemtv.com\/index.php?rest_route=\/wp\/v2\/posts"}],"about":[{"href":"https:\/\/www.egemtv.com\/index.php?rest_route=\/wp\/v2\/types\/post"}],"author":[{"embeddable":true,"href":"https:\/\/www.egemtv.com\/index.php?rest_route=\/wp\/v2\/users\/1"}],"replies":[{"embeddable":true,"href":"https:\/\/www.egemtv.com\/index.php?rest_route=%2Fwp%2Fv2%2Fcomments&post=83243"}],"version-history":[{"count":1,"href":"https:\/\/www.egemtv.com\/index.php?rest_route=\/wp\/v2\/posts\/83243\/revisions"}],"predecessor-version":[{"id":83245,"href":"https:\/\/www.egemtv.com\/index.php?rest_route=\/wp\/v2\/posts\/83243\/revisions\/83245"}],"wp:featuredmedia":[{"embeddable":true,"href":"https:\/\/www.egemtv.com\/index.php?rest_route=\/wp\/v2\/media\/83244"}],"wp:attachment":[{"href":"https:\/\/www.egemtv.com\/index.php?rest_route=%2Fwp%2Fv2%2Fmedia&parent=83243"}],"wp:term":[{"taxonomy":"category","embeddable":true,"href":"https:\/\/www.egemtv.com\/index.php?rest_route=%2Fwp%2Fv2%2Fcategories&post=83243"},{"taxonomy":"post_tag","embeddable":true,"href":"https:\/\/www.egemtv.com\/index.php?rest_route=%2Fwp%2Fv2%2Ftags&post=83243"}],"curies":[{"name":"wp","href":"https:\/\/api.w.org\/{rel}","templated":true}]}}