{"id":83240,"date":"2026-01-26T19:35:45","date_gmt":"2026-01-26T16:35:45","guid":{"rendered":"https:\/\/www.egemtv.com\/?p=83240"},"modified":"2026-01-26T19:35:45","modified_gmt":"2026-01-26T16:35:45","slug":"mentesede-dolu-ve-saganak","status":"publish","type":"post","link":"https:\/\/www.egemtv.com\/?p=83240","title":{"rendered":"Mente\u015fe\u2019de dolu ve sa\u011fanak"},"content":{"rendered":"<p>Mu\u011fla\u2019n\u0131n Mente\u015fe il\u00e7esinde etkili olan sa\u011fanak ve dolu ya\u011f\u0131\u015f\u0131, yollar\u0131 beyaza b\u00fcr\u00fcd\u00fc. Ara\u00e7lar ilerlemekte zorlan\u0131rken, trafik durma noktas\u0131na geldi.<br \/>\n<br \/>Mente\u015fe il\u00e7esinde etkili olan sa\u011fanak ve dolu adeta hayat\u0131 durma noktas\u0131na getirdi. K\u0131sa s\u00fcrede bast\u0131ran ve yo\u011funlu\u011fu giderek artan dolu nedeniyle yollar beyaza b\u00fcr\u00fcn\u00fcrken, ara\u00e7lar ilerlemekte b\u00fcy\u00fck g\u00fc\u00e7l\u00fck ya\u015fad\u0131. Yakla\u015f\u0131k be\u015f dakika i\u00e7inde etkisini art\u0131ran dolu ya\u011f\u0131\u015f\u0131 sonras\u0131 Mente\u015fe\u2019nin bir\u00e7ok noktas\u0131nda trafik durma noktas\u0131na geldi. G\u00f6r\u00fc\u015f mesafesinin d\u00fc\u015fmesi ve yollar\u0131n doluyla kaplanmas\u0131 nedeniyle s\u00fcr\u00fcc\u00fcler zor anlar ya\u015fad\u0131. A\u015f\u0131r\u0131 ya\u011fmurla birlikte su birikintileri olu\u015ftu.<br \/><\/p>\n","protected":false},"excerpt":{"rendered":"<p>Mu\u011fla\u2019n\u0131n Mente\u015fe il\u00e7esinde etkili olan sa\u011fanak ve dolu ya\u011f\u0131\u015f\u0131, yollar\u0131 beyaza b\u00fcr\u00fcd\u00fc. Ara\u00e7lar ilerlemekte zorlan\u0131rken, trafik durma noktas\u0131na geldi. Mente\u015fe il\u00e7esinde etkili olan sa\u011fanak ve dolu adeta hayat\u0131 durma noktas\u0131na getirdi. K\u0131sa s\u00fcrede bast\u0131ran ve yo\u011funlu\u011fu giderek artan dolu nedeniyle yollar beyaza b\u00fcr\u00fcn\u00fcrken, ara\u00e7lar ilerlemekte b\u00fcy\u00fck g\u00fc\u00e7l\u00fck ya\u015fad\u0131. Yakla\u015f\u0131k be\u015f dakika i\u00e7inde etkisini art\u0131ran dolu&#8230;<\/p>\n","protected":false},"author":1,"featured_media":83241,"comment_status":"open","ping_status":"open","sticky":false,"template":"","format":"standard","meta":{"_crdt_document":"","footnotes":""},"categories":[1],"tags":[],"class_list":["post-83240","post","type-post","status-publish","format-standard","has-post-thumbnail","hentry","category-guncel"],"_links":{"self":[{"href":"https:\/\/www.egemtv.com\/index.php?rest_route=\/wp\/v2\/posts\/83240","targetHints":{"allow":["GET"]}}],"collection":[{"href":"https:\/\/www.egemtv.com\/index.php?rest_route=\/wp\/v2\/posts"}],"about":[{"href":"https:\/\/www.egemtv.com\/index.php?rest_route=\/wp\/v2\/types\/post"}],"author":[{"embeddable":true,"href":"https:\/\/www.egemtv.com\/index.php?rest_route=\/wp\/v2\/users\/1"}],"replies":[{"embeddable":true,"href":"https:\/\/www.egemtv.com\/index.php?rest_route=%2Fwp%2Fv2%2Fcomments&post=83240"}],"version-history":[{"count":1,"href":"https:\/\/www.egemtv.com\/index.php?rest_route=\/wp\/v2\/posts\/83240\/revisions"}],"predecessor-version":[{"id":83242,"href":"https:\/\/www.egemtv.com\/index.php?rest_route=\/wp\/v2\/posts\/83240\/revisions\/83242"}],"wp:featuredmedia":[{"embeddable":true,"href":"https:\/\/www.egemtv.com\/index.php?rest_route=\/wp\/v2\/media\/83241"}],"wp:attachment":[{"href":"https:\/\/www.egemtv.com\/index.php?rest_route=%2Fwp%2Fv2%2Fmedia&parent=83240"}],"wp:term":[{"taxonomy":"category","embeddable":true,"href":"https:\/\/www.egemtv.com\/index.php?rest_route=%2Fwp%2Fv2%2Fcategories&post=83240"},{"taxonomy":"post_tag","embeddable":true,"href":"https:\/\/www.egemtv.com\/index.php?rest_route=%2Fwp%2Fv2%2Ftags&post=83240"}],"curies":[{"name":"wp","href":"https:\/\/api.w.org\/{rel}","templated":true}]}}