{"id":83237,"date":"2026-01-26T19:35:44","date_gmt":"2026-01-26T16:35:44","guid":{"rendered":"https:\/\/www.egemtv.com\/?p=83237"},"modified":"2026-01-26T19:35:44","modified_gmt":"2026-01-26T16:35:44","slug":"mhpli-akcay-biz-iktidari-yipratmak-icin-degil-turkiyeyi-guclendirmek-icin-siyaset-yapiyoruz","status":"publish","type":"post","link":"https:\/\/www.egemtv.com\/?p=83237","title":{"rendered":"MHP\u2019li Ak\u00e7ay :&#8221;Biz iktidar\u0131 y\u0131pratmak i\u00e7in de\u011fil, T\u00fcrkiye\u2019yi g\u00fc\u00e7lendirmek i\u00e7in siyaset yap\u0131yoruz&#8221;"},"content":{"rendered":"<p>MHP Grup Ba\u015fkanvekili Erkan Ak\u00e7ay, MHP\u2019nin siyaset anlay\u0131\u015f\u0131n\u0131n temelinde &#8220;\u00f6nce \u00fclkem ve milletim&#8221; ilkesinin yer ald\u0131\u011f\u0131n\u0131 belirterek, &#8220;Biz iktidar\u0131 y\u0131pratmak i\u00e7in de\u011fil, T\u00fcrkiye\u2019yi g\u00fc\u00e7lendirmek i\u00e7in siyaset yap\u0131yoruz&#8221; dedi.<br \/>\n<br \/>Milliyet\u00e7i Hareket Partisi (MHP) Grup Ba\u015fkanvekili ve Manisa Milletvekili Erkan Ak\u00e7ay, Manisa\u2019n\u0131n Ala\u015fehir il\u00e7esinde bir dizi ziyaret ve temaslarda bulundu. Ak\u00e7ay\u2019a ziyaretlerinde MHP MYK \u00dcyesi Ali U\u00e7ak ile MHP Manisa \u0130l Ba\u015fkan\u0131 C\u00fcneyt Tosuner e\u015flik etti. Ak\u00e7ay ve beraberindeki heyet, MHP Ala\u015fehir \u0130l\u00e7e Ba\u015fkanl\u0131\u011f\u0131 lokali \u00f6n\u00fcnde \u0130l\u00e7e Ba\u015fkan\u0131 Tahsin At\u0131lgan taraf\u0131ndan \u00e7i\u00e7eklerle kar\u015f\u0131land\u0131. At\u0131lgan, ziyaretten duydu\u011fu memnuniyeti dile getirerek, misafirlere te\u015fekk\u00fcr etti.<br \/>\n<br \/>Parti lokalinde partililere hitap eden MHP Grup Ba\u015fkanvekili Erkan Ak\u00e7ay, MHP\u2019nin &#8220;\u00f6nce \u00fclkem ve milletim, sonra partim, sonra ben&#8221; anlay\u0131\u015f\u0131yla hareket eden bir parti oldu\u011funu belirterek, bu ilkenin MHP\u2019yi di\u011fer siyasi partilerden ay\u0131ran en temel \u00f6zellik oldu\u011funu s\u00f6yledi. Cumhur \u0130ttifak\u0131\u2019n\u0131n kurulu\u015f gerek\u00e7ilerine de\u011finen Ak\u00e7ay, ittifak\u0131n temelinde T\u00fcrkiye\u2019nin istikrar\u0131, birli\u011fi ve g\u00fc\u00e7l\u00fc bir devlet yap\u0131s\u0131n\u0131n korunmas\u0131 idealinin bulundu\u011funu ifade etti. MHP\u2019nin muhalefet anlay\u0131\u015f\u0131n\u0131n y\u0131k\u0131c\u0131 de\u011fil, yap\u0131c\u0131 oldu\u011funa dikkat \u00e7eken Ak\u00e7ay, &#8220;Bizim siyaset anlay\u0131\u015f\u0131m\u0131zda \u00f6nemli olan muktedir olabilmektir. \u00dclkeye zarar verecek tutum ve davran\u0131\u015flardan uzak dururuz&#8221; dedi.<br \/>\n<br \/>T\u00fcrkiye\u2019nin ge\u00e7mi\u015fte ya\u015fad\u0131\u011f\u0131 siyasi istikrars\u0131zl\u0131klara da de\u011finen Ak\u00e7ay, 15 Temmuz 2016\u2019daki FET\u00d6 darbe giri\u015fiminin ard\u0131ndan MHP\u2019nin tavr\u0131n\u0131 net bir \u015fekilde ortaya koydu\u011funu vurgulad\u0131. MHP Genel Ba\u015fkan\u0131 Devlet Bah\u00e7eli\u2019nin y\u0131llar \u00f6ncesinden yapt\u0131\u011f\u0131 uyar\u0131lar\u0131n bug\u00fcn ne kadar isabetli oldu\u011funun g\u00f6r\u00fcld\u00fc\u011f\u00fcn\u00fc ifade eden Ak\u00e7ay, Bah\u00e7eli\u2019nin y\u00fcksek siyasi \u00f6ng\u00f6r\u00fcye sahip bir lider oldu\u011funu s\u00f6yledi. Ekonomiye ili\u015fkin de\u011ferlendirmelerde de bulunan Ak\u00e7ay, uygulanan s\u0131k\u0131 para politikalar  ve mali disiplin sayesinde enflasyonun d\u00fc\u015f\u00fc\u015f e\u011filimine girdi\u011fini, T\u00fcrkiye\u2019nin son 50 ayd\u0131r kesintisiz b\u00fcy\u00fcme g\u00f6sterdi\u011fini belirtti. 2025 y\u0131l\u0131 b\u00fcy\u00fcme oran\u0131n\u0131n en az y\u00fczde 4,2 seviyesinde ger\u00e7ekle\u015fmesinin beklendi\u011fini ifade eden Ak\u00e7ay, Merkez Bankas\u0131 rezervlerinin de 205 milyar dolarla tarihi seviyelere ula\u015ft\u0131\u011f\u0131n\u0131 kaydetti. Ak\u00e7ay, bu geli\u015fmelerin k\u0131sa vadede vatanda\u015flar\u0131n al\u0131m g\u00fcc\u00fcne olumlu yans\u0131yaca\u011f\u0131n\u0131 dile getirdi.<br \/>\n<br \/>Erkan Ak\u00e7ay ve beraberindeki heyet, ayr\u0131ca AK Parti Ala\u015fehir \u0130l\u00e7e Ba\u015fkanl\u0131\u011f\u0131, Ziraat Odas\u0131, Esnaf ve Sanatkarlar Kredi ve Kefalet Kooperatifi ile \u00d6rencik Mahallesi\u2019ni ziyaret ederek isti\u015farelerde bulundu.<br \/><\/p>\n","protected":false},"excerpt":{"rendered":"<p>MHP Grup Ba\u015fkanvekili Erkan Ak\u00e7ay, MHP\u2019nin siyaset anlay\u0131\u015f\u0131n\u0131n temelinde &#8220;\u00f6nce \u00fclkem ve milletim&#8221; ilkesinin yer ald\u0131\u011f\u0131n\u0131 belirterek, &#8220;Biz iktidar\u0131 y\u0131pratmak i\u00e7in de\u011fil, T\u00fcrkiye\u2019yi g\u00fc\u00e7lendirmek i\u00e7in siyaset yap\u0131yoruz&#8221; dedi. Milliyet\u00e7i Hareket Partisi (MHP) Grup Ba\u015fkanvekili ve Manisa Milletvekili Erkan Ak\u00e7ay, Manisa\u2019n\u0131n Ala\u015fehir il\u00e7esinde bir dizi ziyaret ve temaslarda bulundu. Ak\u00e7ay\u2019a ziyaretlerinde MHP MYK \u00dcyesi Ali U\u00e7ak&#8230;<\/p>\n","protected":false},"author":1,"featured_media":83238,"comment_status":"open","ping_status":"open","sticky":false,"template":"","format":"standard","meta":{"_crdt_document":"","footnotes":""},"categories":[127],"tags":[],"class_list":["post-83237","post","type-post","status-publish","format-standard","has-post-thumbnail","hentry","category-siyaset"],"_links":{"self":[{"href":"https:\/\/www.egemtv.com\/index.php?rest_route=\/wp\/v2\/posts\/83237","targetHints":{"allow":["GET"]}}],"collection":[{"href":"https:\/\/www.egemtv.com\/index.php?rest_route=\/wp\/v2\/posts"}],"about":[{"href":"https:\/\/www.egemtv.com\/index.php?rest_route=\/wp\/v2\/types\/post"}],"author":[{"embeddable":true,"href":"https:\/\/www.egemtv.com\/index.php?rest_route=\/wp\/v2\/users\/1"}],"replies":[{"embeddable":true,"href":"https:\/\/www.egemtv.com\/index.php?rest_route=%2Fwp%2Fv2%2Fcomments&post=83237"}],"version-history":[{"count":1,"href":"https:\/\/www.egemtv.com\/index.php?rest_route=\/wp\/v2\/posts\/83237\/revisions"}],"predecessor-version":[{"id":83239,"href":"https:\/\/www.egemtv.com\/index.php?rest_route=\/wp\/v2\/posts\/83237\/revisions\/83239"}],"wp:featuredmedia":[{"embeddable":true,"href":"https:\/\/www.egemtv.com\/index.php?rest_route=\/wp\/v2\/media\/83238"}],"wp:attachment":[{"href":"https:\/\/www.egemtv.com\/index.php?rest_route=%2Fwp%2Fv2%2Fmedia&parent=83237"}],"wp:term":[{"taxonomy":"category","embeddable":true,"href":"https:\/\/www.egemtv.com\/index.php?rest_route=%2Fwp%2Fv2%2Fcategories&post=83237"},{"taxonomy":"post_tag","embeddable":true,"href":"https:\/\/www.egemtv.com\/index.php?rest_route=%2Fwp%2Fv2%2Ftags&post=83237"}],"curies":[{"name":"wp","href":"https:\/\/api.w.org\/{rel}","templated":true}]}}