{"id":83234,"date":"2026-01-26T19:35:43","date_gmt":"2026-01-26T16:35:43","guid":{"rendered":"https:\/\/www.egemtv.com\/?p=83234"},"modified":"2026-01-26T19:35:44","modified_gmt":"2026-01-26T16:35:44","slug":"izmirde-saganak-ve-firtina-hayati-felc-etti","status":"publish","type":"post","link":"https:\/\/www.egemtv.com\/?p=83234","title":{"rendered":"\u0130zmir\u2019de sa\u011fanak ve f\u0131rt\u0131na hayat\u0131 fel\u00e7 etti"},"content":{"rendered":"<p>\u0130zmir\u2019de ak\u015fam saatlerinde aniden bast\u0131ran kuvvetli sa\u011fanak ya\u011f\u0131\u015f ve f\u0131rt\u0131na, kenti adeta teslim ald\u0131. \u0130\u015f \u00e7\u0131k\u0131\u015f saatinde trafik durma noktas\u0131na gelirken, devrilen a\u011fa\u00e7lar ve su bask\u0131nlar\u0131 hayat\u0131 fel\u00e7 etti.<br \/>\n<br \/>\u0130zmir genelinde ak\u015fam saatlerinde \u015fiddetli f\u0131rt\u0131na ve sa\u011fanak etkili oldu. \u00d6zellikle Konak, Buca ve Karaba\u011flar il\u00e7elerinde yo\u011funla\u015fan ya\u011fmur, vatanda\u015flara zor anlar ya\u015fatt\u0131. Altyap\u0131 sorunlar\u0131n\u0131n kronikle\u015fti\u011fi Buca il\u00e7esinde sa\u011fanak ya\u011f\u0131\u015fla birlikte caddeler k\u0131sa s\u00fcrede suyla doldu. Yayalar kald\u0131r\u0131mlarda y\u00fcr\u00fcmekte g\u00fc\u00e7l\u00fck \u00e7ekerken, r\u00f6garlar\u0131n ta\u015fmas\u0131 sonucu bir\u00e7ok sokakta g\u00f6letler olu\u015ftu. S\u00fcr\u00fcc\u00fcler su birikintileri nedeniyle ilerlemekte zorlan\u0131rken, baz\u0131 ara\u00e7lar ar\u0131zalanarak yolda kald\u0131.<\/p>\n<p>Otoparklarda uzun ara\u00e7 kuyruklar\u0131 olu\u015ftu<br \/>\n<br \/>Ya\u011f\u0131\u015f\u0131n i\u015f \u00e7\u0131k\u0131\u015f saatine denk gelmesi, \u0130zmir trafi\u011fini adeta kilitledi. Ana arterlerde kilometrelerce uzanan ara\u00e7 kuyruklar\u0131 olu\u015ftu. Aksayan trafik ve su birikintileri nedeniyle bir\u00e7ok s\u00fcr\u00fcc\u00fc otomobilleriyle otoparklardan \u00e7\u0131k\u0131\u015f yapamayarak mahsur kald\u0131.<br \/><\/p>\n","protected":false},"excerpt":{"rendered":"<p>\u0130zmir\u2019de ak\u015fam saatlerinde aniden bast\u0131ran kuvvetli sa\u011fanak ya\u011f\u0131\u015f ve f\u0131rt\u0131na, kenti adeta teslim ald\u0131. \u0130\u015f \u00e7\u0131k\u0131\u015f saatinde trafik durma noktas\u0131na gelirken, devrilen a\u011fa\u00e7lar ve su bask\u0131nlar\u0131 hayat\u0131 fel\u00e7 etti. \u0130zmir genelinde ak\u015fam saatlerinde \u015fiddetli f\u0131rt\u0131na ve sa\u011fanak etkili oldu. \u00d6zellikle Konak, Buca ve Karaba\u011flar il\u00e7elerinde yo\u011funla\u015fan ya\u011fmur, vatanda\u015flara zor anlar ya\u015fatt\u0131. Altyap\u0131 sorunlar\u0131n\u0131n kronikle\u015fti\u011fi Buca&#8230;<\/p>\n","protected":false},"author":1,"featured_media":83235,"comment_status":"open","ping_status":"open","sticky":false,"template":"","format":"standard","meta":{"_crdt_document":"","footnotes":""},"categories":[1],"tags":[],"class_list":["post-83234","post","type-post","status-publish","format-standard","has-post-thumbnail","hentry","category-guncel"],"_links":{"self":[{"href":"https:\/\/www.egemtv.com\/index.php?rest_route=\/wp\/v2\/posts\/83234","targetHints":{"allow":["GET"]}}],"collection":[{"href":"https:\/\/www.egemtv.com\/index.php?rest_route=\/wp\/v2\/posts"}],"about":[{"href":"https:\/\/www.egemtv.com\/index.php?rest_route=\/wp\/v2\/types\/post"}],"author":[{"embeddable":true,"href":"https:\/\/www.egemtv.com\/index.php?rest_route=\/wp\/v2\/users\/1"}],"replies":[{"embeddable":true,"href":"https:\/\/www.egemtv.com\/index.php?rest_route=%2Fwp%2Fv2%2Fcomments&post=83234"}],"version-history":[{"count":1,"href":"https:\/\/www.egemtv.com\/index.php?rest_route=\/wp\/v2\/posts\/83234\/revisions"}],"predecessor-version":[{"id":83236,"href":"https:\/\/www.egemtv.com\/index.php?rest_route=\/wp\/v2\/posts\/83234\/revisions\/83236"}],"wp:featuredmedia":[{"embeddable":true,"href":"https:\/\/www.egemtv.com\/index.php?rest_route=\/wp\/v2\/media\/83235"}],"wp:attachment":[{"href":"https:\/\/www.egemtv.com\/index.php?rest_route=%2Fwp%2Fv2%2Fmedia&parent=83234"}],"wp:term":[{"taxonomy":"category","embeddable":true,"href":"https:\/\/www.egemtv.com\/index.php?rest_route=%2Fwp%2Fv2%2Fcategories&post=83234"},{"taxonomy":"post_tag","embeddable":true,"href":"https:\/\/www.egemtv.com\/index.php?rest_route=%2Fwp%2Fv2%2Ftags&post=83234"}],"curies":[{"name":"wp","href":"https:\/\/api.w.org\/{rel}","templated":true}]}}