{"id":83231,"date":"2026-01-26T19:14:34","date_gmt":"2026-01-26T16:14:34","guid":{"rendered":"https:\/\/www.egemtv.com\/?p=83231"},"modified":"2026-01-26T19:14:36","modified_gmt":"2026-01-26T16:14:36","slug":"sokede-otomobil-refuje-devrildi-2-yarali","status":"publish","type":"post","link":"https:\/\/www.egemtv.com\/?p=83231","title":{"rendered":"S\u00f6ke\u2019de otomobil ref\u00fcje devrildi: 2 yaral\u0131"},"content":{"rendered":"<p>Ayd\u0131n\u2019\u0131n S\u00f6ke il\u00e7esinde seyir halindeyken kontrolden \u00e7\u0131kan bir otomobilin ref\u00fcje devrilmesi sonucu meydana gelen kazada 2 ki\u015fi yaraland\u0131.<\/p>\n<p>Kaza, S\u00f6ke-Ku\u015fadas\u0131 \u00c7evre Yolu Fevzipa\u015fa Mahallesi mevkiinde meydana geldi. Edinilen bilgiye g\u00f6re S.A. idaresindeki 20 ABE 763 plakal\u0131 otomobil, hen\u00fcz belirlenemeyen bir nedenle kontrolden \u00e7\u0131kt\u0131. Savrulan otomobil, orta ref\u00fcje \u00e7arparak yan devrildi. Kazan\u0131n \u015fiddetiyle ref\u00fcjde bulunan bir trafik dire\u011fi de yerinden s\u00f6k\u00fcld\u00fc. \u00c7evredeki vatanda\u015flar\u0131n ihbar\u0131 \u00fczerine olay yerine sa\u011fl\u0131k ve polis ekipleri sevk edildi. Kazada otomobil s\u00fcr\u00fcc\u00fcs\u00fc S.A. ile ara\u00e7ta yolcu olarak bulunan \u00d6.K. yaraland\u0131. \u0130hbar \u00fczerine olay yerine gelen sa\u011fl\u0131k ekipleri, ilk m\u00fcdahalenin ard\u0131ndan yaral\u0131lar\u0131, ambulansla S\u00f6ke Faik Kocag\u00f6z Devlet Hastanesi\u2019ne kald\u0131rd\u0131. Yaral\u0131lar\u0131n sa\u011fl\u0131k durumlar\u0131n\u0131n iyi oldu\u011fu \u00f6\u011frenilirken, kazayla ilgili inceleme ba\u015flat\u0131ld\u0131. Kaza nedeniyle \u00e7evre yolunda k\u0131sa s\u00fcreli trafik yo\u011funlu\u011fu ya\u015fand\u0131. Trafik, arac\u0131n kald\u0131r\u0131lmas\u0131n\u0131n ard\u0131ndan normale d\u00f6nd\u00fc.<br \/><\/p>\n","protected":false},"excerpt":{"rendered":"<p>Ayd\u0131n\u2019\u0131n S\u00f6ke il\u00e7esinde seyir halindeyken kontrolden \u00e7\u0131kan bir otomobilin ref\u00fcje devrilmesi sonucu meydana gelen kazada 2 ki\u015fi yaraland\u0131. Kaza, S\u00f6ke-Ku\u015fadas\u0131 \u00c7evre Yolu Fevzipa\u015fa Mahallesi mevkiinde meydana geldi. Edinilen bilgiye g\u00f6re S.A. idaresindeki 20 ABE 763 plakal\u0131 otomobil, hen\u00fcz belirlenemeyen bir nedenle kontrolden \u00e7\u0131kt\u0131. Savrulan otomobil, orta ref\u00fcje \u00e7arparak yan devrildi. Kazan\u0131n \u015fiddetiyle ref\u00fcjde bulunan bir&#8230;<\/p>\n","protected":false},"author":1,"featured_media":83232,"comment_status":"open","ping_status":"open","sticky":false,"template":"","format":"standard","meta":{"_crdt_document":"","footnotes":""},"categories":[5],"tags":[],"class_list":["post-83231","post","type-post","status-publish","format-standard","has-post-thumbnail","hentry","category-asayis"],"_links":{"self":[{"href":"https:\/\/www.egemtv.com\/index.php?rest_route=\/wp\/v2\/posts\/83231","targetHints":{"allow":["GET"]}}],"collection":[{"href":"https:\/\/www.egemtv.com\/index.php?rest_route=\/wp\/v2\/posts"}],"about":[{"href":"https:\/\/www.egemtv.com\/index.php?rest_route=\/wp\/v2\/types\/post"}],"author":[{"embeddable":true,"href":"https:\/\/www.egemtv.com\/index.php?rest_route=\/wp\/v2\/users\/1"}],"replies":[{"embeddable":true,"href":"https:\/\/www.egemtv.com\/index.php?rest_route=%2Fwp%2Fv2%2Fcomments&post=83231"}],"version-history":[{"count":1,"href":"https:\/\/www.egemtv.com\/index.php?rest_route=\/wp\/v2\/posts\/83231\/revisions"}],"predecessor-version":[{"id":83233,"href":"https:\/\/www.egemtv.com\/index.php?rest_route=\/wp\/v2\/posts\/83231\/revisions\/83233"}],"wp:featuredmedia":[{"embeddable":true,"href":"https:\/\/www.egemtv.com\/index.php?rest_route=\/wp\/v2\/media\/83232"}],"wp:attachment":[{"href":"https:\/\/www.egemtv.com\/index.php?rest_route=%2Fwp%2Fv2%2Fmedia&parent=83231"}],"wp:term":[{"taxonomy":"category","embeddable":true,"href":"https:\/\/www.egemtv.com\/index.php?rest_route=%2Fwp%2Fv2%2Fcategories&post=83231"},{"taxonomy":"post_tag","embeddable":true,"href":"https:\/\/www.egemtv.com\/index.php?rest_route=%2Fwp%2Fv2%2Ftags&post=83231"}],"curies":[{"name":"wp","href":"https:\/\/api.w.org\/{rel}","templated":true}]}}