{"id":83228,"date":"2026-01-26T18:14:46","date_gmt":"2026-01-26T15:14:46","guid":{"rendered":"https:\/\/www.egemtv.com\/?p=83228"},"modified":"2026-01-26T18:14:47","modified_gmt":"2026-01-26T15:14:47","slug":"bodrumda-firtina-etkili-oluyor-4","status":"publish","type":"post","link":"https:\/\/www.egemtv.com\/?p=83228","title":{"rendered":"Bodrum\u2019da f\u0131rt\u0131na etkili oluyor"},"content":{"rendered":"<p>Mu\u011fla\u2019n\u0131n Bodrum il\u00e7esinde g\u00fcneyli y\u00f6nlerden etkili olan f\u0131rt\u0131na nedeniyle g\u00fcnl\u00fck hayat olumsuz etkilendi.<\/p>\n<p>Etkili olan f\u0131rt\u0131na g\u00fcney sahillerde dev dalgalar olu\u015fturdu. Denizciler, koylarda demirli olan teknelerini kurtarabilmek i\u00e7in yo\u011fun \u00e7aba harcad\u0131. Ortakent Ali Kelle Orman\u0131 mevkiinde r\u00fczgar\u0131n etkisiyle k\u0131r\u0131lan a\u011fac\u0131n dal\u0131 yola d\u00fc\u015ft\u00fc, yol trafi\u011fe kapand\u0131. S\u00fcr\u00fcc\u00fcler, a\u011fac\u0131n dal\u0131n\u0131 kenara \u00e7ekip yolun tek \u015feridini trafi\u011fe a\u00e7t\u0131. F\u0131rt\u0131na nedeniyle Bodrum ile Yunanistan\u2019\u0131n \u0130stank\u00f6y Adas\u0131 aras\u0131ndaki feribot seferleri yap\u0131lamad\u0131. G\u00fcmbet Koyu\u2019nda demirli 10 metrelik bir motoryat ise s\u00fcr\u00fcklenerek k\u0131y\u0131ya vurdu. F\u0131rt\u0131nan\u0131n etkisiyle Cumhuriyet Mahallesi Severcan Caddesi\u2019nde harabe durumdaki binan\u0131n duvar\u0131 r\u00fczgara dayanamad\u0131. Duvar, park halindeki bir arac\u0131n \u00fczerine y\u0131k\u0131ld\u0131. Duvar\u0131n alt\u0131nda kalan su borusu patlad\u0131, ara\u00e7ta maddi hasar meydana geldi. ya\u011f\u0131\u015fl\u0131 hava ve f\u0131rt\u0131nan\u0131n yar\u0131na kadar etkili olmas\u0131 bekleniyor.<br \/><\/p>\n","protected":false},"excerpt":{"rendered":"<p>Mu\u011fla\u2019n\u0131n Bodrum il\u00e7esinde g\u00fcneyli y\u00f6nlerden etkili olan f\u0131rt\u0131na nedeniyle g\u00fcnl\u00fck hayat olumsuz etkilendi. Etkili olan f\u0131rt\u0131na g\u00fcney sahillerde dev dalgalar olu\u015fturdu. Denizciler, koylarda demirli olan teknelerini kurtarabilmek i\u00e7in yo\u011fun \u00e7aba harcad\u0131. Ortakent Ali Kelle Orman\u0131 mevkiinde r\u00fczgar\u0131n etkisiyle k\u0131r\u0131lan a\u011fac\u0131n dal\u0131 yola d\u00fc\u015ft\u00fc, yol trafi\u011fe kapand\u0131. S\u00fcr\u00fcc\u00fcler, a\u011fac\u0131n dal\u0131n\u0131 kenara \u00e7ekip yolun tek \u015feridini trafi\u011fe&#8230;<\/p>\n","protected":false},"author":1,"featured_media":83229,"comment_status":"open","ping_status":"open","sticky":false,"template":"","format":"standard","meta":{"_crdt_document":"","footnotes":""},"categories":[1],"tags":[],"class_list":["post-83228","post","type-post","status-publish","format-standard","has-post-thumbnail","hentry","category-guncel"],"_links":{"self":[{"href":"https:\/\/www.egemtv.com\/index.php?rest_route=\/wp\/v2\/posts\/83228","targetHints":{"allow":["GET"]}}],"collection":[{"href":"https:\/\/www.egemtv.com\/index.php?rest_route=\/wp\/v2\/posts"}],"about":[{"href":"https:\/\/www.egemtv.com\/index.php?rest_route=\/wp\/v2\/types\/post"}],"author":[{"embeddable":true,"href":"https:\/\/www.egemtv.com\/index.php?rest_route=\/wp\/v2\/users\/1"}],"replies":[{"embeddable":true,"href":"https:\/\/www.egemtv.com\/index.php?rest_route=%2Fwp%2Fv2%2Fcomments&post=83228"}],"version-history":[{"count":1,"href":"https:\/\/www.egemtv.com\/index.php?rest_route=\/wp\/v2\/posts\/83228\/revisions"}],"predecessor-version":[{"id":83230,"href":"https:\/\/www.egemtv.com\/index.php?rest_route=\/wp\/v2\/posts\/83228\/revisions\/83230"}],"wp:featuredmedia":[{"embeddable":true,"href":"https:\/\/www.egemtv.com\/index.php?rest_route=\/wp\/v2\/media\/83229"}],"wp:attachment":[{"href":"https:\/\/www.egemtv.com\/index.php?rest_route=%2Fwp%2Fv2%2Fmedia&parent=83228"}],"wp:term":[{"taxonomy":"category","embeddable":true,"href":"https:\/\/www.egemtv.com\/index.php?rest_route=%2Fwp%2Fv2%2Fcategories&post=83228"},{"taxonomy":"post_tag","embeddable":true,"href":"https:\/\/www.egemtv.com\/index.php?rest_route=%2Fwp%2Fv2%2Ftags&post=83228"}],"curies":[{"name":"wp","href":"https:\/\/api.w.org\/{rel}","templated":true}]}}