{"id":83225,"date":"2026-01-26T18:14:45","date_gmt":"2026-01-26T15:14:45","guid":{"rendered":"https:\/\/www.egemtv.com\/?p=83225"},"modified":"2026-01-26T18:14:46","modified_gmt":"2026-01-26T15:14:46","slug":"datcada-badem-agaclari-kis-ortasinda-cicek-acti","status":"publish","type":"post","link":"https:\/\/www.egemtv.com\/?p=83225","title":{"rendered":"Dat\u00e7a\u2019da badem a\u011fa\u00e7lar\u0131 k\u0131\u015f ortas\u0131nda \u00e7i\u00e7ek a\u00e7t\u0131"},"content":{"rendered":"<p>T\u00fcrkiye\u2019nin bir\u00e7ok b\u00f6lgesinde k\u0131\u015f mevsimi so\u011fuk hava, don ve kar ya\u011f\u0131\u015f\u0131yla etkisini s\u00fcrd\u00fcr\u00fcrken Dat\u00e7a\u2019da badem a\u011fa\u00e7lar\u0131 \u00e7i\u00e7ek a\u00e7t\u0131.<\/p>\n<p>Dat\u00e7a\u2019da \u0131l\u0131k ge\u00e7en Ocak ay\u0131yla birlikte a\u00e7an badem \u00e7i\u00e7ekleri, il\u00e7ede beyaz ve pembe tonlar\u0131n hakim oldu\u011fu g\u00f6r\u00fcnt\u00fcler olu\u015fturdu. \u00d6zellikle Mesudiye ve Palamutb\u00fck\u00fc Mahallelerinde yo\u011fun olarak bulunan badem bah\u00e7eleri, k\u0131sa s\u00fcrede do\u011faseverlerin ve foto\u011fraf tutkunlar\u0131n\u0131n ilgisini \u00e7ekti. Bah\u00e7elerde olu\u015fan renkli g\u00f6r\u00fcnt\u00fcler, Dat\u00e7a\u2019n\u0131n kendine \u00f6zg\u00fc iklim yap\u0131s\u0131n\u0131 bir kez daha ortaya koydu. K\u0131\u015f mevsimi devam etmesine ra\u011fmen \u00e7i\u00e7ek a\u00e7an badem a\u011fa\u00e7lar\u0131, il\u00e7eye g\u00f6rsel bir canl\u0131l\u0131k katt\u0131. Beyaz ve pembe tonlara b\u00fcr\u00fcnen bah\u00e7eler, hem il\u00e7e sakinleri hem de Dat\u00e7a\u2019y\u0131 ziyaret edenler i\u00e7in dikkat \u00e7ekici manzaralar sundu.<\/p>\n<p>Badem \u00c7i\u00e7e\u011fi Festivali i\u00e7in haz\u0131rl\u0131klar s\u00fcr\u00fcyor<br \/>\n<br \/>12- 15 \u015eubat\u2019ta d\u00fczenlenecek Geleneksel Badem \u00c7i\u00e7e\u011fi Festivali i\u00e7in geri say\u0131m ba\u015flad\u0131. 12-15 \u015eubat tarihleri aras\u0131nda d\u00fczenlenecek olan Geleneksel Badem \u00c7i\u00e7e\u011fi Festivali i\u00e7in haz\u0131rl\u0131klar s\u00fcr\u00fcyor. D\u00f6rt g\u00fcn s\u00fcrecek festival kapsam\u0131nda; do\u011fa y\u00fcr\u00fcy\u00fc\u015fleri, konserler, halk oyunlar\u0131 ve dans g\u00f6sterileri d\u00fczenlenecek. Ayr\u0131ca festival alanlar\u0131nda y\u00f6resel \u00fcr\u00fcnler ile hediyelik e\u015fya sat\u0131\u015flar\u0131 da yap\u0131lacak. Do\u011fa, sanat ve e\u011flencenin bir arada ya\u015fanaca\u011f\u0131 festivalin, T\u00fcrkiye\u2019nin d\u00f6rt bir yan\u0131ndan binlerce ziyaret\u00e7iyi Dat\u00e7a\u2019ya \u00e7ekmesi bekleniyor.<\/p>\n<p>Palamutb\u00fck\u00fc mevkiinde turizm ve badem \u00fcreticili\u011fi yapan Evren Uzun, Dat\u00e7a\u2019da ya\u015fanan erken bahara dikkat \u00e7ekerek \u015funlar\u0131 s\u00f6yledi: &#8220;\u00dclkemizin d\u00f6rt bir yan\u0131nda k\u0131\u015f ya\u015fan\u0131rken bizler Dat\u00e7a\u2019da bahar\u0131 ya\u015f\u0131yoruz. Badem \u00e7i\u00e7eklerimiz bahar\u0131n m\u00fcjdesidir. Her taraf bembeyaz oldu. \u015eubat ay\u0131n\u0131n 12\u2019sinde ba\u015flay\u0131p 4 g\u00fcn s\u00fcrecek olan Badem \u00c7i\u00e7e\u011fi Festivalimiz var. T\u00fcm vatanda\u015flar\u0131m\u0131z\u0131 badem \u00e7i\u00e7eklerimizi g\u00f6rmeye ve festivalimize bekliyoruz&#8221;<br \/><\/p>\n","protected":false},"excerpt":{"rendered":"<p>T\u00fcrkiye\u2019nin bir\u00e7ok b\u00f6lgesinde k\u0131\u015f mevsimi so\u011fuk hava, don ve kar ya\u011f\u0131\u015f\u0131yla etkisini s\u00fcrd\u00fcr\u00fcrken Dat\u00e7a\u2019da badem a\u011fa\u00e7lar\u0131 \u00e7i\u00e7ek a\u00e7t\u0131. Dat\u00e7a\u2019da \u0131l\u0131k ge\u00e7en Ocak ay\u0131yla birlikte a\u00e7an badem \u00e7i\u00e7ekleri, il\u00e7ede beyaz ve pembe tonlar\u0131n hakim oldu\u011fu g\u00f6r\u00fcnt\u00fcler olu\u015fturdu. \u00d6zellikle Mesudiye ve Palamutb\u00fck\u00fc Mahallelerinde yo\u011fun olarak bulunan badem bah\u00e7eleri, k\u0131sa s\u00fcrede do\u011faseverlerin ve foto\u011fraf tutkunlar\u0131n\u0131n ilgisini \u00e7ekti. Bah\u00e7elerde&#8230;<\/p>\n","protected":false},"author":1,"featured_media":83226,"comment_status":"open","ping_status":"open","sticky":false,"template":"","format":"standard","meta":{"_crdt_document":"","footnotes":""},"categories":[1],"tags":[],"class_list":["post-83225","post","type-post","status-publish","format-standard","has-post-thumbnail","hentry","category-guncel"],"_links":{"self":[{"href":"https:\/\/www.egemtv.com\/index.php?rest_route=\/wp\/v2\/posts\/83225","targetHints":{"allow":["GET"]}}],"collection":[{"href":"https:\/\/www.egemtv.com\/index.php?rest_route=\/wp\/v2\/posts"}],"about":[{"href":"https:\/\/www.egemtv.com\/index.php?rest_route=\/wp\/v2\/types\/post"}],"author":[{"embeddable":true,"href":"https:\/\/www.egemtv.com\/index.php?rest_route=\/wp\/v2\/users\/1"}],"replies":[{"embeddable":true,"href":"https:\/\/www.egemtv.com\/index.php?rest_route=%2Fwp%2Fv2%2Fcomments&post=83225"}],"version-history":[{"count":1,"href":"https:\/\/www.egemtv.com\/index.php?rest_route=\/wp\/v2\/posts\/83225\/revisions"}],"predecessor-version":[{"id":83227,"href":"https:\/\/www.egemtv.com\/index.php?rest_route=\/wp\/v2\/posts\/83225\/revisions\/83227"}],"wp:featuredmedia":[{"embeddable":true,"href":"https:\/\/www.egemtv.com\/index.php?rest_route=\/wp\/v2\/media\/83226"}],"wp:attachment":[{"href":"https:\/\/www.egemtv.com\/index.php?rest_route=%2Fwp%2Fv2%2Fmedia&parent=83225"}],"wp:term":[{"taxonomy":"category","embeddable":true,"href":"https:\/\/www.egemtv.com\/index.php?rest_route=%2Fwp%2Fv2%2Fcategories&post=83225"},{"taxonomy":"post_tag","embeddable":true,"href":"https:\/\/www.egemtv.com\/index.php?rest_route=%2Fwp%2Fv2%2Ftags&post=83225"}],"curies":[{"name":"wp","href":"https:\/\/api.w.org\/{rel}","templated":true}]}}