{"id":83207,"date":"2026-01-26T17:35:23","date_gmt":"2026-01-26T14:35:23","guid":{"rendered":"https:\/\/www.egemtv.com\/?p=83207"},"modified":"2026-01-26T17:35:23","modified_gmt":"2026-01-26T14:35:23","slug":"marmariste-siddetli-firtina-ve-saganak-yagis-etkili-oluyor","status":"publish","type":"post","link":"https:\/\/www.egemtv.com\/?p=83207","title":{"rendered":"Marmaris\u2019te \u015fiddetli f\u0131rt\u0131na ve sa\u011fanak ya\u011f\u0131\u015f etkili oluyor"},"content":{"rendered":"<p>Marmaris\u2019te sabah saatlerinden itibaren etkisini g\u00f6steren \u015fiddetli r\u00fczg\u00e2r ve yer yer sa\u011fanak ya\u011f\u0131\u015f hayat\u0131 olumsuz etkiledi<\/p>\n<p>Marmaris\u2019te sabah saatlerinden itibaren etkisini g\u00f6steren \u015fiddetli r\u00fczgarla birlikte sa\u011fanak ya\u011f\u0131\u015fl\u0131 hava etkili oluyor. Olumsuz hava \u015fartlar\u0131 dolay\u0131s\u0131yla \u0130\u00e7meler Mahallesi ile Yalanc\u0131bo\u011faz mevkiinde iki k\u00fc\u00e7\u00fck teknenin k\u0131y\u0131ya vurdu\u011fu \u00f6\u011frenildi. Yetkililer ve ilgili kurumlar sahada \u00e7al\u0131\u015fmalar\u0131n\u0131 s\u00fcrd\u00fcr\u00fcrken, zaman zaman h\u0131z\u0131n\u0131 art\u0131ran kuvvetli r\u00fczgar\u0131n ve sa\u011fanak ya\u011f\u0131\u015flar\u0131n baz\u0131 b\u00f6lgelerde a\u011fa\u00e7 k\u0131r\u0131lmalar\u0131na ve k\u00fc\u00e7\u00fck \u00e7apl\u0131 maddi hasarlara yol a\u00e7t\u0131\u011f\u0131 bildirildi.<\/p>\n<p>Meteoroloji 4. B\u00f6lge M\u00fcd\u00fcrl\u00fc\u011f\u00fc\u2019nden edinilen bilgilere g\u00f6re, saatteki h\u0131z\u0131 75 kilometreye kadar \u00e7\u0131kmas\u0131 beklenen r\u00fczg\u00e2rlar\u0131n yar\u0131n (sal\u0131) ak\u015fam saatlerine kadar etkisini s\u00fcrd\u00fcrmesi bekleniyor.<br \/><\/p>\n","protected":false},"excerpt":{"rendered":"<p>Marmaris\u2019te sabah saatlerinden itibaren etkisini g\u00f6steren \u015fiddetli r\u00fczg\u00e2r ve yer yer sa\u011fanak ya\u011f\u0131\u015f hayat\u0131 olumsuz etkiledi Marmaris\u2019te sabah saatlerinden itibaren etkisini g\u00f6steren \u015fiddetli r\u00fczgarla birlikte sa\u011fanak ya\u011f\u0131\u015fl\u0131 hava etkili oluyor. Olumsuz hava \u015fartlar\u0131 dolay\u0131s\u0131yla \u0130\u00e7meler Mahallesi ile Yalanc\u0131bo\u011faz mevkiinde iki k\u00fc\u00e7\u00fck teknenin k\u0131y\u0131ya vurdu\u011fu \u00f6\u011frenildi. Yetkililer ve ilgili kurumlar sahada \u00e7al\u0131\u015fmalar\u0131n\u0131 s\u00fcrd\u00fcr\u00fcrken, zaman zaman h\u0131z\u0131n\u0131&#8230;<\/p>\n","protected":false},"author":1,"featured_media":83208,"comment_status":"open","ping_status":"open","sticky":false,"template":"","format":"standard","meta":{"_crdt_document":"","footnotes":""},"categories":[1],"tags":[],"class_list":["post-83207","post","type-post","status-publish","format-standard","has-post-thumbnail","hentry","category-guncel"],"_links":{"self":[{"href":"https:\/\/www.egemtv.com\/index.php?rest_route=\/wp\/v2\/posts\/83207","targetHints":{"allow":["GET"]}}],"collection":[{"href":"https:\/\/www.egemtv.com\/index.php?rest_route=\/wp\/v2\/posts"}],"about":[{"href":"https:\/\/www.egemtv.com\/index.php?rest_route=\/wp\/v2\/types\/post"}],"author":[{"embeddable":true,"href":"https:\/\/www.egemtv.com\/index.php?rest_route=\/wp\/v2\/users\/1"}],"replies":[{"embeddable":true,"href":"https:\/\/www.egemtv.com\/index.php?rest_route=%2Fwp%2Fv2%2Fcomments&post=83207"}],"version-history":[{"count":1,"href":"https:\/\/www.egemtv.com\/index.php?rest_route=\/wp\/v2\/posts\/83207\/revisions"}],"predecessor-version":[{"id":83209,"href":"https:\/\/www.egemtv.com\/index.php?rest_route=\/wp\/v2\/posts\/83207\/revisions\/83209"}],"wp:featuredmedia":[{"embeddable":true,"href":"https:\/\/www.egemtv.com\/index.php?rest_route=\/wp\/v2\/media\/83208"}],"wp:attachment":[{"href":"https:\/\/www.egemtv.com\/index.php?rest_route=%2Fwp%2Fv2%2Fmedia&parent=83207"}],"wp:term":[{"taxonomy":"category","embeddable":true,"href":"https:\/\/www.egemtv.com\/index.php?rest_route=%2Fwp%2Fv2%2Fcategories&post=83207"},{"taxonomy":"post_tag","embeddable":true,"href":"https:\/\/www.egemtv.com\/index.php?rest_route=%2Fwp%2Fv2%2Ftags&post=83207"}],"curies":[{"name":"wp","href":"https:\/\/api.w.org\/{rel}","templated":true}]}}