{"id":83204,"date":"2026-01-26T17:35:22","date_gmt":"2026-01-26T14:35:22","guid":{"rendered":"https:\/\/www.egemtv.com\/?p=83204"},"modified":"2026-01-26T17:35:22","modified_gmt":"2026-01-26T14:35:22","slug":"sanayi-ve-teknoloji-bakanligi-ile-dunya-bankasindan-denizli-osbye-ziyaret","status":"publish","type":"post","link":"https:\/\/www.egemtv.com\/?p=83204","title":{"rendered":"Sanayi ve Teknoloji Bakanl\u0131\u011f\u0131 ile D\u00fcnya Bankas\u0131ndan Denizli OSB\u2019ye ziyaret"},"content":{"rendered":"<p>Denizli Organize Sanayi B\u00f6lgesi\u2019ne kazand\u0131r\u0131lacak, D\u00fcnya Bankas\u0131 Finansmanl\u0131 T\u00fcrkiye Organize Sanayi B\u00f6lgeleri Projesi kapsam\u0131nda yap\u0131m\u0131 devam eden 30 bin m\/g\u00fcn kapasiteli &#8220;Biyolojik ve Kimyasal Merkezi At\u0131ksu Ar\u0131tma Tesisi&#8221; ile 2400 KWe \/ 2622,4 KWp kurulu g\u00fcce sahip olacak &#8220;Arazi GES Projesi&#8221; i\u00e7in Sanayi ve Teknoloji Bakanl\u0131\u011f\u0131 ile D\u00fcnya Bankas\u0131 yetkililerinin kat\u0131l\u0131m\u0131yla saha ziyareti ger\u00e7ekle\u015ftirildi.<\/p>\n<p>Denizli OSB Y\u00f6netim Kurulu Ba\u015fkan\u0131 Derya Baltal\u0131, Y\u00f6netim Kurulu Ba\u015fkan Vekili Selim Yaymano\u011flu, Y\u00f6netim Kurulu \u00dcyeleri Cemalcan Sirkeci ve \u0130smail Aslan ile B\u00f6lge M\u00fcd\u00fcr\u00fc Ahmet Ta\u015f\u2019\u0131n ev sahipli\u011finde ger\u00e7ekle\u015fen ziyarette; D\u00fcnya Bankas\u0131 \u00c7evre Uzman\u0131 Sibel G\u00fclen, Sanayi ve Teknoloji Bakanl\u0131\u011f\u0131 \u00c7evre Uzmanlar\u0131 Ba\u015fak \u00d6zer ve Simge Ceylan Ko\u00e7, \u0130\u015f Sa\u011fl\u0131\u011f\u0131 ve G\u00fcvenli\u011fi Uzman\u0131 \u00d6zlem \u00c7an ile Teknik Uzman G\u00f6zde Eri\u015f yer ald\u0131.<br \/>\n<br \/>Ziyaret kapsam\u0131nda projelerin mevcut durumu hakk\u0131nda detayl\u0131 bilgiler payla\u015f\u0131l\u0131rken; \u00e7evresel ve sosyal y\u00f6netim, i\u015f sa\u011fl\u0131\u011f\u0131 ve g\u00fcvenli\u011fi uygulamalar\u0131, teknik s\u00fcre\u00e7ler ve saha organizasyonu ba\u015fl\u0131klar\u0131n\u0131 i\u00e7eren kapsaml\u0131 bir sunum ger\u00e7ekle\u015ftirildi.<\/p>\n<p>&#8220;Ye\u015fil d\u00f6n\u00fc\u015f\u00fcm ve katma de\u011ferli \u00fcretim yolculu\u011fumuza kararl\u0131l\u0131kla devam ediyoruz&#8221;<br \/>\n<br \/>Denizli OSB Y\u00f6netim Kurulu Ba\u015fkan\u0131 Derya Baltal\u0131, ziyaretlerinden dolay\u0131 Sanayi ve Teknoloji Bakanl\u0131\u011f\u0131 ile D\u00fcnya Bankas\u0131 yetkililerine te\u015fekk\u00fcr ederek; &#8220;Denizli Organize Sanayi B\u00f6lgemize kazand\u0131rd\u0131\u011f\u0131m\u0131z yat\u0131r\u0131mlar, b\u00f6lgemizin \u00e7evreye duyarl\u0131, s\u00fcrd\u00fcr\u00fclebilir ve rekabet\u00e7i sanayi vizyonunun \u00f6nemli bir par\u00e7as\u0131d\u0131r. G\u00fcnl\u00fck 30 bin m\/g\u00fcn kapasiteli Biyolojik ve Kimyasal Merkezi At\u0131ksu Ar\u0131tma Tesisimiz ile \u00e7evresel etkileri en aza indirirken, 2400 KWe \/ 2622,4 KWp kurulu g\u00fcce sahip Arazi GES Projemizle temiz ve yenilenebilir enerji kullan\u0131m\u0131n\u0131 art\u0131rmay\u0131 hedefliyoruz. Sanayi ve Teknoloji Bakanl\u0131\u011f\u0131m\u0131z ile D\u00fcnya Bankas\u0131\u2019n\u0131n de\u011ferli katk\u0131lar\u0131 ve i\u015f birli\u011fi sayesinde projelerimizi uluslararas\u0131 standartlarda hayata ge\u00e7iriyoruz. Nazik saha ziyaretleri ve destekleri i\u00e7in t\u00fcm yetkililere te\u015fekk\u00fcr ediyor, Denizli OSB olarak ye\u015fil d\u00f6n\u00fc\u015f\u00fcm ve katma de\u011ferli \u00fcretim yolculu\u011fumuza kararl\u0131l\u0131kla devam edece\u011fimizi vurgulamak istiyorum&#8221; dedi.<br \/><\/p>\n","protected":false},"excerpt":{"rendered":"<p>Denizli Organize Sanayi B\u00f6lgesi\u2019ne kazand\u0131r\u0131lacak, D\u00fcnya Bankas\u0131 Finansmanl\u0131 T\u00fcrkiye Organize Sanayi B\u00f6lgeleri Projesi kapsam\u0131nda yap\u0131m\u0131 devam eden 30 bin m\/g\u00fcn kapasiteli &#8220;Biyolojik ve Kimyasal Merkezi At\u0131ksu Ar\u0131tma Tesisi&#8221; ile 2400 KWe \/ 2622,4 KWp kurulu g\u00fcce sahip olacak &#8220;Arazi GES Projesi&#8221; i\u00e7in Sanayi ve Teknoloji Bakanl\u0131\u011f\u0131 ile D\u00fcnya Bankas\u0131 yetkililerinin kat\u0131l\u0131m\u0131yla saha ziyareti ger\u00e7ekle\u015ftirildi. Denizli&#8230;<\/p>\n","protected":false},"author":1,"featured_media":83205,"comment_status":"open","ping_status":"open","sticky":false,"template":"","format":"standard","meta":{"_crdt_document":"","footnotes":""},"categories":[125],"tags":[],"class_list":["post-83204","post","type-post","status-publish","format-standard","has-post-thumbnail","hentry","category-ekonomi"],"_links":{"self":[{"href":"https:\/\/www.egemtv.com\/index.php?rest_route=\/wp\/v2\/posts\/83204","targetHints":{"allow":["GET"]}}],"collection":[{"href":"https:\/\/www.egemtv.com\/index.php?rest_route=\/wp\/v2\/posts"}],"about":[{"href":"https:\/\/www.egemtv.com\/index.php?rest_route=\/wp\/v2\/types\/post"}],"author":[{"embeddable":true,"href":"https:\/\/www.egemtv.com\/index.php?rest_route=\/wp\/v2\/users\/1"}],"replies":[{"embeddable":true,"href":"https:\/\/www.egemtv.com\/index.php?rest_route=%2Fwp%2Fv2%2Fcomments&post=83204"}],"version-history":[{"count":1,"href":"https:\/\/www.egemtv.com\/index.php?rest_route=\/wp\/v2\/posts\/83204\/revisions"}],"predecessor-version":[{"id":83206,"href":"https:\/\/www.egemtv.com\/index.php?rest_route=\/wp\/v2\/posts\/83204\/revisions\/83206"}],"wp:featuredmedia":[{"embeddable":true,"href":"https:\/\/www.egemtv.com\/index.php?rest_route=\/wp\/v2\/media\/83205"}],"wp:attachment":[{"href":"https:\/\/www.egemtv.com\/index.php?rest_route=%2Fwp%2Fv2%2Fmedia&parent=83204"}],"wp:term":[{"taxonomy":"category","embeddable":true,"href":"https:\/\/www.egemtv.com\/index.php?rest_route=%2Fwp%2Fv2%2Fcategories&post=83204"},{"taxonomy":"post_tag","embeddable":true,"href":"https:\/\/www.egemtv.com\/index.php?rest_route=%2Fwp%2Fv2%2Ftags&post=83204"}],"curies":[{"name":"wp","href":"https:\/\/api.w.org\/{rel}","templated":true}]}}