{"id":83198,"date":"2026-01-26T17:14:39","date_gmt":"2026-01-26T14:14:39","guid":{"rendered":"https:\/\/www.egemtv.com\/?p=83198"},"modified":"2026-01-26T17:14:40","modified_gmt":"2026-01-26T14:14:40","slug":"ureticilere-uyari-listeler-askiya-cikti","status":"publish","type":"post","link":"https:\/\/www.egemtv.com\/?p=83198","title":{"rendered":"\u00dcreticilere uyar\u0131, listeler ask\u0131ya \u00e7\u0131kt\u0131"},"content":{"rendered":"<p>2025 Y\u0131l\u0131 Bitkisel \u00dcretim Planlamas\u0131 kapsam\u0131nda yap\u0131lan kontroller sonras\u0131 haz\u0131rlanan planl\u0131 \u00fcretim listeleri ask\u0131ya \u00e7\u0131kar\u0131l\u0131rken, \u00fcreticilere ask\u0131 s\u00fcresi i\u00e7inde bilgilerini kontrol ederek g\u00fcncellemeleri uyar\u0131s\u0131 yap\u0131ld\u0131.<\/p>\n<p>2025 Y\u0131l\u0131 Bitkisel \u00dcretim Planlamas\u0131 kapsam\u0131nda yap\u0131lan beyan do\u011frulu\u011fu tespit \u00e7al\u0131\u015fmalar\u0131 tamamlan\u0131rken, \u00fcr\u00fcn de\u011fi\u015fikliklerinin yer ald\u0131\u011f\u0131 listeler ask\u0131ya \u00e7\u0131kar\u0131ld\u0131. \u0130l Tar\u0131m ve Orman M\u00fcd\u00fcrl\u00fc\u011f\u00fc, listelerde bilgisi hatal\u0131 veya eksik olan \u00fcreticilerin s\u00fcresi i\u00e7inde ba\u015fvuru yapmalar\u0131 gerekti\u011fini hat\u0131rlatt\u0131. Bitkisel \u00dcretim Planlamas\u0131 ve Destekleme Uygulamalar\u0131 Talimat\u0131 do\u011frultusunda ger\u00e7ekle\u015ftirilen \u00e7al\u0131\u015fmalar kapsam\u0131nda, \u00dcretici Kay\u0131t Sistemi (\u00dcKS) ve \u00dcr\u00fcn Bildirimleri \u00fczerinden yap\u0131lan incelemelerde &#8220;kontrol gerekli&#8221; ve &#8220;ger\u00e7e\u011fe ayk\u0131r\u0131&#8221; olarak bildirilen parseller yerinde tespit edildi. Yap\u0131lan saha kontrolleri, \u00e7ift\u00e7i beyanlar\u0131 ve Co\u011frafi Bilgi Sistemi (CBS) \u00fczerinden y\u00fcr\u00fct\u00fclen i\u015flemler sonucunda s\u00f6z konusu parsellerde \u00fcr\u00fcn de\u011fi\u015fiklikleri ger\u00e7ekle\u015ftirildi. Yap\u0131lan de\u011fi\u015fikliklerin ard\u0131ndan sistemden al\u0131nan &#8220;2025 Y\u0131l\u0131 Planl\u0131 \u00dcretim Kontrol Listesi&#8221;, 23 Ocak 2026 tarihinden itibaren 10 g\u00fcn s\u00fcreyle ask\u0131ya \u00e7\u0131kar\u0131ld\u0131. Listeler il\u00e7e merkezinde \u0130l\u00e7e Tar\u0131m ve Orman M\u00fcd\u00fcrl\u00fc\u011f\u00fc ile Ziraat Odas\u0131\u2019nda, il\u00e7eye ba\u011fl\u0131 mahallelerde ise muhtarl\u0131klarda \u00fcreticilerin incelemesine sunuldu. \u0130l Tar\u0131m ve Orman M\u00fcd\u00fcrl\u00fc\u011f\u00fc, listelerde yer alan bilgileri dikkatle kontrol etmeleri konusunda \u00fcreticileri uyararak, eksik veya hatal\u0131 bilgi tespit eden \u00fcreticilerin ask\u0131 s\u00fcresi i\u00e7erisinde \u0130l\u00e7e Tar\u0131m ve Orman M\u00fcd\u00fcrl\u00fc\u011f\u00fc\u2019ne ba\u015fvuruda bulunmalar\u0131 gerekti\u011fini bildirdi.<br \/><\/p>\n","protected":false},"excerpt":{"rendered":"<p>2025 Y\u0131l\u0131 Bitkisel \u00dcretim Planlamas\u0131 kapsam\u0131nda yap\u0131lan kontroller sonras\u0131 haz\u0131rlanan planl\u0131 \u00fcretim listeleri ask\u0131ya \u00e7\u0131kar\u0131l\u0131rken, \u00fcreticilere ask\u0131 s\u00fcresi i\u00e7inde bilgilerini kontrol ederek g\u00fcncellemeleri uyar\u0131s\u0131 yap\u0131ld\u0131. 2025 Y\u0131l\u0131 Bitkisel \u00dcretim Planlamas\u0131 kapsam\u0131nda yap\u0131lan beyan do\u011frulu\u011fu tespit \u00e7al\u0131\u015fmalar\u0131 tamamlan\u0131rken, \u00fcr\u00fcn de\u011fi\u015fikliklerinin yer ald\u0131\u011f\u0131 listeler ask\u0131ya \u00e7\u0131kar\u0131ld\u0131. \u0130l Tar\u0131m ve Orman M\u00fcd\u00fcrl\u00fc\u011f\u00fc, listelerde bilgisi hatal\u0131 veya eksik olan&#8230;<\/p>\n","protected":false},"author":1,"featured_media":83199,"comment_status":"open","ping_status":"open","sticky":false,"template":"","format":"standard","meta":{"_crdt_document":"","footnotes":""},"categories":[1],"tags":[],"class_list":["post-83198","post","type-post","status-publish","format-standard","has-post-thumbnail","hentry","category-guncel"],"_links":{"self":[{"href":"https:\/\/www.egemtv.com\/index.php?rest_route=\/wp\/v2\/posts\/83198","targetHints":{"allow":["GET"]}}],"collection":[{"href":"https:\/\/www.egemtv.com\/index.php?rest_route=\/wp\/v2\/posts"}],"about":[{"href":"https:\/\/www.egemtv.com\/index.php?rest_route=\/wp\/v2\/types\/post"}],"author":[{"embeddable":true,"href":"https:\/\/www.egemtv.com\/index.php?rest_route=\/wp\/v2\/users\/1"}],"replies":[{"embeddable":true,"href":"https:\/\/www.egemtv.com\/index.php?rest_route=%2Fwp%2Fv2%2Fcomments&post=83198"}],"version-history":[{"count":1,"href":"https:\/\/www.egemtv.com\/index.php?rest_route=\/wp\/v2\/posts\/83198\/revisions"}],"predecessor-version":[{"id":83200,"href":"https:\/\/www.egemtv.com\/index.php?rest_route=\/wp\/v2\/posts\/83198\/revisions\/83200"}],"wp:featuredmedia":[{"embeddable":true,"href":"https:\/\/www.egemtv.com\/index.php?rest_route=\/wp\/v2\/media\/83199"}],"wp:attachment":[{"href":"https:\/\/www.egemtv.com\/index.php?rest_route=%2Fwp%2Fv2%2Fmedia&parent=83198"}],"wp:term":[{"taxonomy":"category","embeddable":true,"href":"https:\/\/www.egemtv.com\/index.php?rest_route=%2Fwp%2Fv2%2Fcategories&post=83198"},{"taxonomy":"post_tag","embeddable":true,"href":"https:\/\/www.egemtv.com\/index.php?rest_route=%2Fwp%2Fv2%2Ftags&post=83198"}],"curies":[{"name":"wp","href":"https:\/\/api.w.org\/{rel}","templated":true}]}}