{"id":82868,"date":"2026-01-25T11:14:52","date_gmt":"2026-01-25T08:14:52","guid":{"rendered":"https:\/\/www.egemtv.com\/?p=82868"},"modified":"2026-01-25T11:14:53","modified_gmt":"2026-01-25T08:14:53","slug":"ieu-ile-karsiyaka-bulustu-kazanan-cocuklar-oldu","status":"publish","type":"post","link":"https:\/\/www.egemtv.com\/?p=82868","title":{"rendered":"\u0130E\u00dc ile Kar\u015f\u0131yaka bulu\u015ftu, kazanan \u00e7ocuklar oldu"},"content":{"rendered":"<p>\u0130zmir Ekonomi \u00dcniversitesi ile Kar\u015f\u0131yaka Belediyesi, anaokulu \u00e7a\u011f\u0131ndaki \u00e7ocuklar\u0131n ak\u0131lc\u0131 ve sosyal geli\u015fimini, ailelerin ve e\u011fitimcilerin bilin\u00e7lenmesini desteklemek amac\u0131yla Rekt\u00f6r Prof. Dr. Yusuf Hakan Abac\u0131o\u011flu ve Belediye Ba\u015fkan\u0131 Y\u0131ld\u0131z \u00dcnsal\u2019\u0131n imzalad\u0131\u011f\u0131 bir i\u015f birli\u011fi protokol\u00fc hayata ge\u00e7irdi.<br \/>\n<br \/>\u0130zmir Ekonomi \u00dcniversitesi (\u0130E\u00dc) ile Kar\u015f\u0131yaka Belediyesi, anaokulu \u00e7a\u011f\u0131ndaki \u00e7ocuklar\u0131n, ailelerin ve e\u011fitimcilerin geli\u015fimini desteklemek amac\u0131yla \u00f6rnek bir i\u015f birli\u011fi ger\u00e7ekle\u015ftirdi. \u00c7ocuklar\u0131n ak\u0131lc\u0131 ve sosyal y\u00f6nden g\u00fc\u00e7lenmesine, ailelerin de sa\u011fl\u0131kl\u0131 birey yeti\u015ftirme konusunda bilgilenmesine zemin haz\u0131rlayacak protokol, \u0130E\u00dc Rekt\u00f6r\u00fc Prof. Dr. Yusuf Hakan Abac\u0131o\u011flu ve Kar\u015f\u0131yaka Belediye Ba\u015fkan\u0131 Y\u0131ld\u0131z \u00dcnsal taraf\u0131ndan imzaland\u0131. \u0130zmir Ekonomi \u00dcniversitesi Sa\u011fl\u0131k Hizmetleri Meslek Y\u00fcksekokulu ile Kar\u015f\u0131yaka Belediyesi aras\u0131nda 2 y\u0131l s\u00fcreyle ge\u00e7erli olacak protokol, \u00fcniversite-\u015fehir b\u00fct\u00fcnle\u015fmesinin g\u00fc\u00e7l\u00fc bir yans\u0131mas\u0131 olacak. \u0130E\u00dc \u00c7ocuk Geli\u015fimi Program\u0131\u2019ndaki \u00f6\u011fretim g\u00f6revlileri, Kar\u015f\u0131yaka Belediyesi\u2019ne ba\u011fl\u0131 anaokullar\u0131nda e\u011fitim g\u00f6ren \u00e7ocuklara ve ebeveynlere y\u00f6nelik e\u011fitimler d\u00fczenleyecek.<\/p>\n<p>Uygulama temelli e\u011fitimler<br \/>\n<br \/>Anaokullar\u0131nda g\u00f6rev yapan \u00f6\u011fretmenlere ili\u015fkin yeterliliklerin, uygulama temelli e\u011fitim faaliyetleriyle geli\u015ftirilmesi i\u00e7in \u00e7al\u0131\u015fmalar yap\u0131lacak. Bunun yan\u0131 s\u0131ra \u0130E\u00dc \u00c7ocuk Geli\u015fimi Program\u0131 \u00f6\u011frencileri de belediyeye ba\u011fl\u0131 anaokullar\u0131nda uygulama ya da staj yapabilecek. \u0130E\u00dc\u2019n\u00fcn ev sahipli\u011finde ger\u00e7ekle\u015fen imza t\u00f6reni, \u0130E\u00dc Rekt\u00f6r\u00fc Prof. Dr. Yusuf Hakan Abac\u0131o\u011flu ve Kar\u015f\u0131yaka Belediye Ba\u015fkan\u0131 Y\u0131ld\u0131z \u00dcnsal\u2019\u0131n yan\u0131 s\u0131ra Rekt\u00f6r Yard\u0131mc\u0131s\u0131 Prof. Dr. Mehmet Efe Biresselio\u011flu, Sa\u011fl\u0131k Hizmetleri Meslek Y\u00fcksekokulu M\u00fcd\u00fcr\u00fc Prof. Dr. Sevin\u00e7 \u0130nan, Rekt\u00f6r Dan\u0131\u015fman\u0131 Dr. Bur\u00e7in \u00d6nder ve \u00f6\u011fretim g\u00f6revlilerinin kat\u0131l\u0131m\u0131yla ger\u00e7ekle\u015fti.<\/p>\n<p>&#8220;Toplumsal katk\u0131ya devam edece\u011fiz&#8221;<br \/>\n<br \/>T\u00f6rende konu\u015fan Prof. Dr. Abac\u0131o\u011flu, toplumsal katk\u0131y\u0131 merkezine olan proje ve i\u015f birliklerine b\u00fcy\u00fck \u00f6nem verdiklerini s\u00f6yleyerek, &#8220;\u00dcniversite olarak en b\u00fcy\u00fck sorumluluklar\u0131m\u0131zdan biri, \u00fcretti\u011fimiz bilgiyi toplumun her kesimi i\u00e7in eri\u015filebilir ve faydal\u0131 hale getirmek. Kar\u015f\u0131yaka Belediyesi ile imzalad\u0131\u011f\u0131m\u0131z protokol de bunun somut bir \u00f6rne\u011fi oldu. Bu i\u015f birli\u011fi sayesinde \u00e7ocuklar\u0131m\u0131z\u0131n sa\u011fl\u0131kl\u0131, mutlu ve \u00f6zg\u00fcvenli bireyler olarak yeti\u015fmesine katk\u0131 sunaca\u011f\u0131z. Biliyoruz ki, \u00e7ocuklar\u0131m\u0131z i\u00e7in ataca\u011f\u0131m\u0131z her ad\u0131m, hayata ge\u00e7irece\u011fimiz her proje, ayn\u0131 zamanda \u00fclkemizin gelece\u011fine yap\u0131lan de\u011ferli bir yat\u0131r\u0131md\u0131r. \u0130zmir Ekonomi \u00dcniversitesi olarak, ya\u015fad\u0131\u011f\u0131m\u0131z kentin ihtiya\u00e7lar\u0131na duyarl\u0131, s\u00fcrd\u00fcr\u00fclebilir ve nitelikli i\u015f birlikleriyle toplumsal katk\u0131 \u00fcretmeye devam edece\u011fiz&#8221; ifadelerini kulland\u0131.<\/p>\n<p>&#8220;G\u00fc\u00e7l\u00fc bir e\u011fitim modeli olacak&#8221;<br \/>\n<br \/>Kar\u015f\u0131yaka Belediye Ba\u015fkan\u0131 Y\u0131ld\u0131z \u00dcnsal ise, belediyeye ba\u011fl\u0131 8 anaokulunun bulundu\u011funu ifade ederek, &#8220;Anaokulu e\u011fitimi, ya\u015fam boyu \u00f6\u011frenmenin ve ki\u015filik geli\u015fiminin ilk ve en \u00f6nemli basamaklar\u0131ndan biri. Bu s\u00fcre\u00e7te bilimsel bilgiye dayal\u0131 profesyonel destek almak; alan\u0131nda uzman akademisyenlerin bilgi ve deneyimlerinden yararlanmak b\u00fcy\u00fck \u00f6nem ta\u015f\u0131yor. \u00c7ocuklar\u0131m\u0131z, bizim en k\u0131ymetli hazinemiz. \u0130zmir Ekonomi \u00dcniversitesi ile hayata ge\u00e7irdi\u011fimiz bu de\u011ferli i\u015f birli\u011fi sayesinde, hem \u00e7ocuklar\u0131m\u0131z\u0131n geli\u015fimini \u00e7ok y\u00f6nl\u00fc olarak destekleyecek hem de ailelerimizi ve e\u011fitimcilerimizi g\u00fc\u00e7lendiren bir e\u011fitim modeli olu\u015fturaca\u011f\u0131z&#8221; diye konu\u015ftu.<br \/><\/p>\n","protected":false},"excerpt":{"rendered":"<p>\u0130zmir Ekonomi \u00dcniversitesi ile Kar\u015f\u0131yaka Belediyesi, anaokulu \u00e7a\u011f\u0131ndaki \u00e7ocuklar\u0131n ak\u0131lc\u0131 ve sosyal geli\u015fimini, ailelerin ve e\u011fitimcilerin bilin\u00e7lenmesini desteklemek amac\u0131yla Rekt\u00f6r Prof. Dr. Yusuf Hakan Abac\u0131o\u011flu ve Belediye Ba\u015fkan\u0131 Y\u0131ld\u0131z \u00dcnsal\u2019\u0131n imzalad\u0131\u011f\u0131 bir i\u015f birli\u011fi protokol\u00fc hayata ge\u00e7irdi. \u0130zmir Ekonomi \u00dcniversitesi (\u0130E\u00dc) ile Kar\u015f\u0131yaka Belediyesi, anaokulu \u00e7a\u011f\u0131ndaki \u00e7ocuklar\u0131n, ailelerin ve e\u011fitimcilerin geli\u015fimini desteklemek amac\u0131yla \u00f6rnek bir&#8230;<\/p>\n","protected":false},"author":1,"featured_media":82869,"comment_status":"open","ping_status":"open","sticky":false,"template":"","format":"standard","meta":{"_crdt_document":"","footnotes":""},"categories":[1],"tags":[],"class_list":["post-82868","post","type-post","status-publish","format-standard","has-post-thumbnail","hentry","category-guncel"],"_links":{"self":[{"href":"https:\/\/www.egemtv.com\/index.php?rest_route=\/wp\/v2\/posts\/82868","targetHints":{"allow":["GET"]}}],"collection":[{"href":"https:\/\/www.egemtv.com\/index.php?rest_route=\/wp\/v2\/posts"}],"about":[{"href":"https:\/\/www.egemtv.com\/index.php?rest_route=\/wp\/v2\/types\/post"}],"author":[{"embeddable":true,"href":"https:\/\/www.egemtv.com\/index.php?rest_route=\/wp\/v2\/users\/1"}],"replies":[{"embeddable":true,"href":"https:\/\/www.egemtv.com\/index.php?rest_route=%2Fwp%2Fv2%2Fcomments&post=82868"}],"version-history":[{"count":1,"href":"https:\/\/www.egemtv.com\/index.php?rest_route=\/wp\/v2\/posts\/82868\/revisions"}],"predecessor-version":[{"id":82870,"href":"https:\/\/www.egemtv.com\/index.php?rest_route=\/wp\/v2\/posts\/82868\/revisions\/82870"}],"wp:featuredmedia":[{"embeddable":true,"href":"https:\/\/www.egemtv.com\/index.php?rest_route=\/wp\/v2\/media\/82869"}],"wp:attachment":[{"href":"https:\/\/www.egemtv.com\/index.php?rest_route=%2Fwp%2Fv2%2Fmedia&parent=82868"}],"wp:term":[{"taxonomy":"category","embeddable":true,"href":"https:\/\/www.egemtv.com\/index.php?rest_route=%2Fwp%2Fv2%2Fcategories&post=82868"},{"taxonomy":"post_tag","embeddable":true,"href":"https:\/\/www.egemtv.com\/index.php?rest_route=%2Fwp%2Fv2%2Ftags&post=82868"}],"curies":[{"name":"wp","href":"https:\/\/api.w.org\/{rel}","templated":true}]}}