{"id":82862,"date":"2026-01-25T10:55:11","date_gmt":"2026-01-25T07:55:11","guid":{"rendered":"https:\/\/www.egemtv.com\/?p=82862"},"modified":"2026-01-25T10:55:12","modified_gmt":"2026-01-25T07:55:12","slug":"seli-firsat-bildi-4-evi-soydu-jandarmadan-kacamadi","status":"publish","type":"post","link":"https:\/\/www.egemtv.com\/?p=82862","title":{"rendered":"Seli f\u0131rsat bildi, 4 evi soydu, jandarmadan ka\u00e7amad\u0131"},"content":{"rendered":"<p>Ayd\u0131n\u2019\u0131n Ku\u015fadas\u0131 il\u00e7esinde ya\u015fanan seli f\u0131rsat bilen bir \u015f\u00fcpheli, 4 ayr\u0131 evi soydu, jandarma ekiplerinin \u00e7al\u0131\u015fmas\u0131 sonucunda \u015f\u00fcpheli, \u00e7al\u0131nan e\u015fyalarla birlikte k\u0131sk\u0131vrak yakaland\u0131.<br \/>\n<br \/>Olay, Ku\u015fadas\u0131 il\u00e7esi G\u00fczel\u00e7aml\u0131 Mahallesi\u2019nde bulunan bir site i\u00e7erisinde meydana geldi. Edinilen bilgiye g\u00f6re R.A. (40) isimli \u015f\u00fcpheli, il\u00e7ede etkili olan ya\u011f\u0131\u015flar\u0131n ard\u0131ndan ya\u015fanan sel felaketini f\u0131rsat bildi. Site i\u00e7erisinde bulunan 4 ayr\u0131 eve giren \u015f\u00fcpheli, evede bulunan \u00e7ok say\u0131da e\u015fyay\u0131 \u00e7ald\u0131. D\u00f6rt ayr\u0131 ikametten h\u0131rs\u0131zl\u0131k yap\u0131ld\u0131\u011f\u0131 y\u00f6n\u00fcnde yap\u0131lan m\u00fcracaatlar \u00fczerine jandarma ekiplerince \u00e7al\u0131\u015fma ba\u015flat\u0131ld\u0131. Yap\u0131lan incelemeler sonucuda olay\u0131 R.A.\u2019n\u0131n ger\u00e7ekle\u015ftirdi\u011fini tespit eden jandarma ekipleri, \u015f\u00fcphelinin yakalanmas\u0131 i\u00e7in harekete ge\u00e7ti. \u015e\u00fcphelinin ikametinde yap\u0131lan adli aramalarda 9 adet ak\u00fc, 1 adet boru kaynatma makinesi, 1 adet inverter, 2 adet el arabas\u0131, 1 adet \u00e7im bi\u00e7me makinesi, 2 adet bah\u00e7e ayd\u0131nlatmas\u0131, 2 adet testere, 1 adet ara\u00e7 y\u0131kama makinesi, 1 adet uydu al\u0131c\u0131s\u0131, 1 adet televizyon, 1 adet 20 litre plastik f\u0131\u00e7\u0131, 1 adet 24 litre hidrofor, 2 adet ara\u00e7 teybi, 3 adet kapasit\u00f6r, 1 adet reakt\u00f6r bobini, 1 adet su pompas\u0131, 4 adet iskele demiri, 1 adet rezervuar tertibat\u0131, 3 adet elektrikli motosiklet, 1 adet bisiklet, 10 metre bah\u00e7e teli, 1 adet su \u0131s\u0131t\u0131c\u0131s\u0131, 1 adet buzdolab\u0131, 2 adet elektrikli s\u00fcp\u00fcrge, 2 adet spiral makinesi, 1 adet \u015farjl\u0131 dal budama testeresi, 1 adet \u015farjl\u0131 lamba, 2 adet el testeresi, 2 adet orak, 3 adet plastik boru makas\u0131, 1 adet \u00e7al\u0131 bi\u00e7me makas\u0131, 1 adet boru anahtar\u0131, 3 adet keser, 3 adet balta, 2 adet \u00e7apa, 1 adet \u00e7elik tel kesme makas\u0131, 70 metre elektrik kablosu, 1 adet tak\u0131m \u00e7antas\u0131, 3 adet plastik boru, 3 adet helezyon boru, 2 adet bong aparat\u0131, 1 adet siyah bantla sar\u0131l\u0131 po\u015fet, 13 adet kuru s\u0131k\u0131 fi\u015fek ele ge\u00e7irildi. Ele ge\u00e7irilen malzemelerden h\u0131rs\u0131zl\u0131k olay\u0131na konu oldu\u011fu de\u011ferlendirilen e\u015fyalar sahiplerine teslim edildi, farkl\u0131 olaylarla ba\u011flant\u0131l\u0131 olabilece\u011fi de\u011ferlendirilen di\u011fer malzemelerle ilgili de inceleme ba\u015flat\u0131ld\u0131. Ba\u015flat\u0131lan adli tahkikat kapsam\u0131nda g\u00f6zalt\u0131na al\u0131nan \u015f\u00fcpheli, i\u015flemlerinin ard\u0131ndan Cumhuriyet Savc\u0131l\u0131\u011f\u0131na sevk edildi. Olayla ilgili inceleme s\u00fcr\u00fcyor.<br \/><\/p>\n","protected":false},"excerpt":{"rendered":"<p>Ayd\u0131n\u2019\u0131n Ku\u015fadas\u0131 il\u00e7esinde ya\u015fanan seli f\u0131rsat bilen bir \u015f\u00fcpheli, 4 ayr\u0131 evi soydu, jandarma ekiplerinin \u00e7al\u0131\u015fmas\u0131 sonucunda \u015f\u00fcpheli, \u00e7al\u0131nan e\u015fyalarla birlikte k\u0131sk\u0131vrak yakaland\u0131. Olay, Ku\u015fadas\u0131 il\u00e7esi G\u00fczel\u00e7aml\u0131 Mahallesi\u2019nde bulunan bir site i\u00e7erisinde meydana geldi. Edinilen bilgiye g\u00f6re R.A. (40) isimli \u015f\u00fcpheli, il\u00e7ede etkili olan ya\u011f\u0131\u015flar\u0131n ard\u0131ndan ya\u015fanan sel felaketini f\u0131rsat bildi. Site i\u00e7erisinde bulunan 4&#8230;<\/p>\n","protected":false},"author":1,"featured_media":82863,"comment_status":"open","ping_status":"open","sticky":false,"template":"","format":"standard","meta":{"_crdt_document":"","footnotes":""},"categories":[5],"tags":[],"class_list":["post-82862","post","type-post","status-publish","format-standard","has-post-thumbnail","hentry","category-asayis"],"_links":{"self":[{"href":"https:\/\/www.egemtv.com\/index.php?rest_route=\/wp\/v2\/posts\/82862","targetHints":{"allow":["GET"]}}],"collection":[{"href":"https:\/\/www.egemtv.com\/index.php?rest_route=\/wp\/v2\/posts"}],"about":[{"href":"https:\/\/www.egemtv.com\/index.php?rest_route=\/wp\/v2\/types\/post"}],"author":[{"embeddable":true,"href":"https:\/\/www.egemtv.com\/index.php?rest_route=\/wp\/v2\/users\/1"}],"replies":[{"embeddable":true,"href":"https:\/\/www.egemtv.com\/index.php?rest_route=%2Fwp%2Fv2%2Fcomments&post=82862"}],"version-history":[{"count":1,"href":"https:\/\/www.egemtv.com\/index.php?rest_route=\/wp\/v2\/posts\/82862\/revisions"}],"predecessor-version":[{"id":82864,"href":"https:\/\/www.egemtv.com\/index.php?rest_route=\/wp\/v2\/posts\/82862\/revisions\/82864"}],"wp:featuredmedia":[{"embeddable":true,"href":"https:\/\/www.egemtv.com\/index.php?rest_route=\/wp\/v2\/media\/82863"}],"wp:attachment":[{"href":"https:\/\/www.egemtv.com\/index.php?rest_route=%2Fwp%2Fv2%2Fmedia&parent=82862"}],"wp:term":[{"taxonomy":"category","embeddable":true,"href":"https:\/\/www.egemtv.com\/index.php?rest_route=%2Fwp%2Fv2%2Fcategories&post=82862"},{"taxonomy":"post_tag","embeddable":true,"href":"https:\/\/www.egemtv.com\/index.php?rest_route=%2Fwp%2Fv2%2Ftags&post=82862"}],"curies":[{"name":"wp","href":"https:\/\/api.w.org\/{rel}","templated":true}]}}