{"id":82859,"date":"2026-01-25T10:34:50","date_gmt":"2026-01-25T07:34:50","guid":{"rendered":"https:\/\/www.egemtv.com\/?p=82859"},"modified":"2026-01-25T10:34:51","modified_gmt":"2026-01-25T07:34:51","slug":"bakan-yerlikaya-duyurdu-kutahyada-yaya-onceligini-hice-sayan-kamyon-surucusune-ceza","status":"publish","type":"post","link":"https:\/\/www.egemtv.com\/?p=82859","title":{"rendered":"Bakan Yerlikaya duyurdu: K\u00fctahya\u2019da yaya \u00f6nceli\u011fini hi\u00e7e sayan kamyon s\u00fcr\u00fcc\u00fcs\u00fcne ceza"},"content":{"rendered":"<p>\u0130\u00e7i\u015fleri Bakan\u0131 Ali Yerlikaya, K\u00fctahya\u2019da yaya ge\u00e7idinden ge\u00e7meye \u00e7al\u0131\u015fan vatanda\u015flar\u0131n, h\u0131zla gelen bir kamyonun alt\u0131nda kalmaktan son anda kurtuldu\u011fu anlara ili\u015fkin g\u00f6r\u00fcnt\u00fcler \u00fczerine harekete ge\u00e7ildi\u011fini, yakalanan kamyon s\u00fcr\u00fcc\u00fcs\u00fc hakk\u0131nda i\u015flem yap\u0131ld\u0131\u011f\u0131n\u0131 duyurdu.<br \/>\n<br \/>Bakan Yerlikaya\u2019n\u0131n payla\u015ft\u0131\u011f\u0131 bilgilere g\u00f6re, olayda sa\u011f \u015feritteki ara\u00e7 yayalara yol verirken, sol \u015feritten h\u0131zla gelen kamyondan yayalar son anda kurtuldu. Trafik g\u00fcvenli\u011fini tehlikeye d\u00fc\u015f\u00fcren ve yaya \u00f6nceli\u011fini ihlal eden C.A. isimli s\u00fcr\u00fcc\u00fc, ekipler taraf\u0131ndan tespit edilerek yakaland\u0131. S\u00fcr\u00fcc\u00fc hakk\u0131nda gerekli i\u015flemler uyguland\u0131.<br \/>\n<br \/>Yeni Trafik Kanunu teklifine de de\u011finen Yerlikaya, hedeflerinin yaln\u0131zca s\u00fcr\u00fcc\u00fclere trafik kurallar\u0131n\u0131 ezberletmek olmad\u0131\u011f\u0131n\u0131 vurgulad\u0131. As\u0131l ama\u00e7lar\u0131n\u0131n, toplumda do\u011fru ile yanl\u0131\u015f\u0131 ay\u0131rt edebilen kal\u0131c\u0131 bir trafik k\u00fclt\u00fcr\u00fc ve vicdan bilinci olu\u015fturmak oldu\u011funu ifade etti.<br \/>\n<br \/>Yerlikaya a\u00e7\u0131klamas\u0131nda, &#8220;Trafik cezalar\u0131 riskli davran\u0131\u015flar\u0131 anl\u0131k olarak durdurabilir, denetimler bu davran\u0131\u015flar\u0131n tekrar\u0131n\u0131 azalt\u0131r. Ancak trafik k\u00fclt\u00fcr\u00fc, do\u011fru davran\u0131\u015f\u0131 ki\u015finin kendi do\u011frusu haline getirir. Ceza anl\u0131kt\u0131r, trafik k\u00fclt\u00fcr\u00fc ise kal\u0131c\u0131d\u0131r. Biz kal\u0131c\u0131 olan\u0131 in\u015fa etmek istiyoruz&#8221; ifadelerini kulland\u0131.<br \/><\/p>\n","protected":false},"excerpt":{"rendered":"<p>\u0130\u00e7i\u015fleri Bakan\u0131 Ali Yerlikaya, K\u00fctahya\u2019da yaya ge\u00e7idinden ge\u00e7meye \u00e7al\u0131\u015fan vatanda\u015flar\u0131n, h\u0131zla gelen bir kamyonun alt\u0131nda kalmaktan son anda kurtuldu\u011fu anlara ili\u015fkin g\u00f6r\u00fcnt\u00fcler \u00fczerine harekete ge\u00e7ildi\u011fini, yakalanan kamyon s\u00fcr\u00fcc\u00fcs\u00fc hakk\u0131nda i\u015flem yap\u0131ld\u0131\u011f\u0131n\u0131 duyurdu. Bakan Yerlikaya\u2019n\u0131n payla\u015ft\u0131\u011f\u0131 bilgilere g\u00f6re, olayda sa\u011f \u015feritteki ara\u00e7 yayalara yol verirken, sol \u015feritten h\u0131zla gelen kamyondan yayalar son anda kurtuldu. Trafik g\u00fcvenli\u011fini&#8230;<\/p>\n","protected":false},"author":1,"featured_media":82860,"comment_status":"open","ping_status":"open","sticky":false,"template":"","format":"standard","meta":{"_crdt_document":"","footnotes":""},"categories":[5],"tags":[],"class_list":["post-82859","post","type-post","status-publish","format-standard","has-post-thumbnail","hentry","category-asayis"],"_links":{"self":[{"href":"https:\/\/www.egemtv.com\/index.php?rest_route=\/wp\/v2\/posts\/82859","targetHints":{"allow":["GET"]}}],"collection":[{"href":"https:\/\/www.egemtv.com\/index.php?rest_route=\/wp\/v2\/posts"}],"about":[{"href":"https:\/\/www.egemtv.com\/index.php?rest_route=\/wp\/v2\/types\/post"}],"author":[{"embeddable":true,"href":"https:\/\/www.egemtv.com\/index.php?rest_route=\/wp\/v2\/users\/1"}],"replies":[{"embeddable":true,"href":"https:\/\/www.egemtv.com\/index.php?rest_route=%2Fwp%2Fv2%2Fcomments&post=82859"}],"version-history":[{"count":1,"href":"https:\/\/www.egemtv.com\/index.php?rest_route=\/wp\/v2\/posts\/82859\/revisions"}],"predecessor-version":[{"id":82861,"href":"https:\/\/www.egemtv.com\/index.php?rest_route=\/wp\/v2\/posts\/82859\/revisions\/82861"}],"wp:featuredmedia":[{"embeddable":true,"href":"https:\/\/www.egemtv.com\/index.php?rest_route=\/wp\/v2\/media\/82860"}],"wp:attachment":[{"href":"https:\/\/www.egemtv.com\/index.php?rest_route=%2Fwp%2Fv2%2Fmedia&parent=82859"}],"wp:term":[{"taxonomy":"category","embeddable":true,"href":"https:\/\/www.egemtv.com\/index.php?rest_route=%2Fwp%2Fv2%2Fcategories&post=82859"},{"taxonomy":"post_tag","embeddable":true,"href":"https:\/\/www.egemtv.com\/index.php?rest_route=%2Fwp%2Fv2%2Ftags&post=82859"}],"curies":[{"name":"wp","href":"https:\/\/api.w.org\/{rel}","templated":true}]}}