{"id":82856,"date":"2026-01-25T10:14:32","date_gmt":"2026-01-25T07:14:32","guid":{"rendered":"https:\/\/www.egemtv.com\/?p=82856"},"modified":"2026-01-25T10:14:33","modified_gmt":"2026-01-25T07:14:33","slug":"burdurda-feci-kaza-1-olu-7-yarali","status":"publish","type":"post","link":"https:\/\/www.egemtv.com\/?p=82856","title":{"rendered":"Burdur\u2019da feci kaza: 1 \u00f6l\u00fc, 7 yaral\u0131"},"content":{"rendered":"<p>Burdur\u2019da 2 otomobil ve t\u0131r\u0131n \u00e7arp\u0131\u015fmas\u0131 sonucu meydana gelen trafik kazas\u0131nda 1 ki\u015fi hayat\u0131n\u0131 kaybetti, 7 ki\u015fi yaraland\u0131.<br \/>\n<br \/>Kaza, gece saatlerinde Antalya-Isparta karayolu \u00fczeri Kazak-1 t\u00fcneli giri\u015finde meydana geldi. Edinilen bilgilere g\u00f6re, O.D. (19) idaresindeki 32 AAK 364 plakal\u0131 otomobil, C.K.\u2019nin (56) kulland\u0131\u011f\u0131 33 AZV 518 plakal\u0131 otomobil ve plaka bilgisi al\u0131namayan t\u0131r \u00e7arp\u0131\u015ft\u0131. Kazada her iki otomobilin s\u00fcr\u00fcc\u00fcs\u00fc yaralan\u0131rken ara\u00e7larda bulunan Hasret Kurman (18), A.K. (52), M.Y. (10), H.K. (10), \u0130.Y. (18) ve A.D. (53) yaraland\u0131. Kaza ihbar\u0131 \u00fczerine adrese \u00e7ok say\u0131da itfaiye, sa\u011fl\u0131k ve jandarma ekibi sevk edildi. \u0130tfaiye ekipleri taraf\u0131ndan yaral\u0131lar ara\u00e7lardan \u00e7\u0131kar\u0131l\u0131rken sa\u011fl\u0131k ekipleri taraf\u0131ndan yap\u0131lan kontrolde Hasret Kurman\u2019\u0131n hayat\u0131n\u0131 kaybetti\u011fi belirlendi. Yaral\u0131lar, sa\u011fl\u0131k ekipleri taraf\u0131ndan yap\u0131lan ilk m\u00fcdahalenin ard\u0131ndan ambulanslarla \u00e7e\u015fitli hastanelere kald\u0131r\u0131larak tedavi alt\u0131na al\u0131nd\u0131. 7 yaral\u0131dan 4\u2019\u00fcn\u00fcn hayati tehlikesi devam etti\u011fi \u00f6\u011frenilirken kazayla ilgili tahkikat ba\u015flat\u0131ld\u0131.<br \/><\/p>\n","protected":false},"excerpt":{"rendered":"<p>Burdur\u2019da 2 otomobil ve t\u0131r\u0131n \u00e7arp\u0131\u015fmas\u0131 sonucu meydana gelen trafik kazas\u0131nda 1 ki\u015fi hayat\u0131n\u0131 kaybetti, 7 ki\u015fi yaraland\u0131. Kaza, gece saatlerinde Antalya-Isparta karayolu \u00fczeri Kazak-1 t\u00fcneli giri\u015finde meydana geldi. Edinilen bilgilere g\u00f6re, O.D. (19) idaresindeki 32 AAK 364 plakal\u0131 otomobil, C.K.\u2019nin (56) kulland\u0131\u011f\u0131 33 AZV 518 plakal\u0131 otomobil ve plaka bilgisi al\u0131namayan t\u0131r \u00e7arp\u0131\u015ft\u0131. Kazada&#8230;<\/p>\n","protected":false},"author":1,"featured_media":82857,"comment_status":"open","ping_status":"open","sticky":false,"template":"","format":"standard","meta":{"_crdt_document":"","footnotes":""},"categories":[5],"tags":[],"class_list":["post-82856","post","type-post","status-publish","format-standard","has-post-thumbnail","hentry","category-asayis"],"_links":{"self":[{"href":"https:\/\/www.egemtv.com\/index.php?rest_route=\/wp\/v2\/posts\/82856","targetHints":{"allow":["GET"]}}],"collection":[{"href":"https:\/\/www.egemtv.com\/index.php?rest_route=\/wp\/v2\/posts"}],"about":[{"href":"https:\/\/www.egemtv.com\/index.php?rest_route=\/wp\/v2\/types\/post"}],"author":[{"embeddable":true,"href":"https:\/\/www.egemtv.com\/index.php?rest_route=\/wp\/v2\/users\/1"}],"replies":[{"embeddable":true,"href":"https:\/\/www.egemtv.com\/index.php?rest_route=%2Fwp%2Fv2%2Fcomments&post=82856"}],"version-history":[{"count":1,"href":"https:\/\/www.egemtv.com\/index.php?rest_route=\/wp\/v2\/posts\/82856\/revisions"}],"predecessor-version":[{"id":82858,"href":"https:\/\/www.egemtv.com\/index.php?rest_route=\/wp\/v2\/posts\/82856\/revisions\/82858"}],"wp:featuredmedia":[{"embeddable":true,"href":"https:\/\/www.egemtv.com\/index.php?rest_route=\/wp\/v2\/media\/82857"}],"wp:attachment":[{"href":"https:\/\/www.egemtv.com\/index.php?rest_route=%2Fwp%2Fv2%2Fmedia&parent=82856"}],"wp:term":[{"taxonomy":"category","embeddable":true,"href":"https:\/\/www.egemtv.com\/index.php?rest_route=%2Fwp%2Fv2%2Fcategories&post=82856"},{"taxonomy":"post_tag","embeddable":true,"href":"https:\/\/www.egemtv.com\/index.php?rest_route=%2Fwp%2Fv2%2Ftags&post=82856"}],"curies":[{"name":"wp","href":"https:\/\/api.w.org\/{rel}","templated":true}]}}