{"id":82847,"date":"2026-01-25T09:38:08","date_gmt":"2026-01-25T06:38:08","guid":{"rendered":"https:\/\/www.egemtv.com\/?p=82847"},"modified":"2026-01-25T09:38:09","modified_gmt":"2026-01-25T06:38:09","slug":"buldan-emniyetin-gururu-oldular","status":"publish","type":"post","link":"https:\/\/www.egemtv.com\/?p=82847","title":{"rendered":"Buldan Emniyetin gururu oldular"},"content":{"rendered":"<p>Buldan \u0130l\u00e7e Emniyet M\u00fcd\u00fcrl\u00fc\u011f\u00fcnde ba\u015far\u0131yla g\u00f6rev yapan ba\u015far\u0131l\u0131 polis \u015fefleri, d\u00fczenlenen t\u00f6renle \u00f6d\u00fcllendirildi.<\/p>\n<p>Buldan \u0130l\u00e7e Emniyet M\u00fcd\u00fcrl\u00fc\u011f\u00fcnde ba\u015far\u0131yla g\u00f6rev yapan Ba\u015fkomiser \u0130mdat Bayram ve Komiser F\u0131rat Co\u015fgun\u2019a  Denizli Emniyet M\u00fcd\u00fcrl\u00fc\u011f\u00fc taraf\u0131ndan d\u00fczenlenen t\u00f6renle \u00f6d\u00fcl ve ba\u015far\u0131 belgesi takdim edildi.<br \/>\n<br \/>Denizli \u0130l Emniyet M\u00fcd\u00fcr\u00fc Yavuz Sa\u011fd\u0131\u00e7 taraf\u0131ndan Buldan\u2019da ba\u015far\u0131yla g\u00f6ren yapan Ba\u015fkomiser \u0130mdat Bayram ve Komiser F\u0131rat Co\u015fgun\u2019a \u00fcst\u00fcn ba\u015far\u0131lar\u0131 ve aranan \u015fah\u0131slar\u0131n yakalanmas\u0131nda g\u00f6sterdikleri gayretli \u00e7al\u0131\u015fmalardan dolay\u0131 verildi\u011fi kaydedildi.<\/p>\n<p>A\u00e7\u0131klamada, &#8220;B\u00fcy\u00fck bir fedakarl\u0131k ve sorumluluk bilinciyle g\u00f6revini yerine getiren personellerimizi tebrik eder, ba\u015far\u0131lar\u0131n\u0131n devam\u0131n\u0131 dileriz&#8221; denildi.<br \/><\/p>\n","protected":false},"excerpt":{"rendered":"<p>Buldan \u0130l\u00e7e Emniyet M\u00fcd\u00fcrl\u00fc\u011f\u00fcnde ba\u015far\u0131yla g\u00f6rev yapan ba\u015far\u0131l\u0131 polis \u015fefleri, d\u00fczenlenen t\u00f6renle \u00f6d\u00fcllendirildi. Buldan \u0130l\u00e7e Emniyet M\u00fcd\u00fcrl\u00fc\u011f\u00fcnde ba\u015far\u0131yla g\u00f6rev yapan Ba\u015fkomiser \u0130mdat Bayram ve Komiser F\u0131rat Co\u015fgun\u2019a Denizli Emniyet M\u00fcd\u00fcrl\u00fc\u011f\u00fc taraf\u0131ndan d\u00fczenlenen t\u00f6renle \u00f6d\u00fcl ve ba\u015far\u0131 belgesi takdim edildi. Denizli \u0130l Emniyet M\u00fcd\u00fcr\u00fc Yavuz Sa\u011fd\u0131\u00e7 taraf\u0131ndan Buldan\u2019da ba\u015far\u0131yla g\u00f6ren yapan Ba\u015fkomiser \u0130mdat Bayram ve Komiser&#8230;<\/p>\n","protected":false},"author":1,"featured_media":82848,"comment_status":"open","ping_status":"open","sticky":false,"template":"","format":"standard","meta":{"_crdt_document":"","footnotes":""},"categories":[5],"tags":[],"class_list":["post-82847","post","type-post","status-publish","format-standard","has-post-thumbnail","hentry","category-asayis"],"_links":{"self":[{"href":"https:\/\/www.egemtv.com\/index.php?rest_route=\/wp\/v2\/posts\/82847","targetHints":{"allow":["GET"]}}],"collection":[{"href":"https:\/\/www.egemtv.com\/index.php?rest_route=\/wp\/v2\/posts"}],"about":[{"href":"https:\/\/www.egemtv.com\/index.php?rest_route=\/wp\/v2\/types\/post"}],"author":[{"embeddable":true,"href":"https:\/\/www.egemtv.com\/index.php?rest_route=\/wp\/v2\/users\/1"}],"replies":[{"embeddable":true,"href":"https:\/\/www.egemtv.com\/index.php?rest_route=%2Fwp%2Fv2%2Fcomments&post=82847"}],"version-history":[{"count":1,"href":"https:\/\/www.egemtv.com\/index.php?rest_route=\/wp\/v2\/posts\/82847\/revisions"}],"predecessor-version":[{"id":82849,"href":"https:\/\/www.egemtv.com\/index.php?rest_route=\/wp\/v2\/posts\/82847\/revisions\/82849"}],"wp:featuredmedia":[{"embeddable":true,"href":"https:\/\/www.egemtv.com\/index.php?rest_route=\/wp\/v2\/media\/82848"}],"wp:attachment":[{"href":"https:\/\/www.egemtv.com\/index.php?rest_route=%2Fwp%2Fv2%2Fmedia&parent=82847"}],"wp:term":[{"taxonomy":"category","embeddable":true,"href":"https:\/\/www.egemtv.com\/index.php?rest_route=%2Fwp%2Fv2%2Fcategories&post=82847"},{"taxonomy":"post_tag","embeddable":true,"href":"https:\/\/www.egemtv.com\/index.php?rest_route=%2Fwp%2Fv2%2Ftags&post=82847"}],"curies":[{"name":"wp","href":"https:\/\/api.w.org\/{rel}","templated":true}]}}