{"id":82844,"date":"2026-01-25T09:38:07","date_gmt":"2026-01-25T06:38:07","guid":{"rendered":"https:\/\/www.egemtv.com\/?p=82844"},"modified":"2026-01-25T09:38:08","modified_gmt":"2026-01-25T06:38:08","slug":"cameli-10-kultur-ve-turizm-festivali-takvimi-belirlendi","status":"publish","type":"post","link":"https:\/\/www.egemtv.com\/?p=82844","title":{"rendered":"\u00c7ameli 10. K\u00fclt\u00fcr ve Turizm Festivali takvimi belirlendi"},"content":{"rendered":"<p>\u00c7ameli Belediyesi 10. Uluslararas\u0131 K\u00fclt\u00fcr, Sanat, Tar\u0131m ve Turizm Festivali\u2019ni 5-8 A\u011fustos 2026\u2019da d\u00fczenleyecek. Cengiz Arslan davet etti.<\/p>\n<p>\u00c7ameli Belediyesi taraf\u0131ndan bu y\u0131l 10\u2019uncusu d\u00fczenlenecek Uluslararas\u0131 K\u00fclt\u00fcr, Sanat, Tar\u0131m ve Turizm Festivalinin program\u0131 belli oldu. Festival, 05\u201308 A\u011fustos 2026 aras\u0131nda 4 g\u00fcn boyunca \u00c7ameli\u2019de ger\u00e7ekle\u015ftirilecek. Etkinliklerle il\u00e7enin yerel \u00fcr\u00fcnleri, k\u00fclt\u00fcrel de\u011ferleri ve turizm potansiyeli yerli-yabanc\u0131 misafirlere tan\u0131t\u0131lacak.<\/p>\n<p>\u0130l\u00e7ede geleneksel hale gelen festivalin 2026 takviminin a\u00e7\u0131klanmas\u0131yla birlikte, \u00c7ameli\u2019nin do\u011fal g\u00fczellikleri ve \u00fcretim g\u00fcc\u00fc de yeniden vitrine \u00e7\u0131kacak. Festival kapsam\u0131nda k\u00fclt\u00fcr, sanat, tar\u0131m ve turizm ba\u015fl\u0131klar\u0131nda farkl\u0131 etkinliklerin planland\u0131\u011f\u0131 belirtildi.<\/p>\n<p>Bu y\u0131l 10\u2019uncusu d\u00fczenlenecek festivalin, \u00c7ameli halk\u0131 ile ziyaret\u00e7ileri 4 g\u00fcn boyunca bir araya getirmesi hedefleniyor. Organizasyonun, il\u00e7ede \u00fcretilen yerel \u00fcr\u00fcnlerin tan\u0131t\u0131m\u0131na katk\u0131 sunmas\u0131n\u0131n yan\u0131 s\u0131ra k\u00fclt\u00fcrel miras\u0131n ya\u015fat\u0131lmas\u0131na da destek olaca\u011f\u0131 ifade edildi.<br \/><\/p>\n","protected":false},"excerpt":{"rendered":"<p>\u00c7ameli Belediyesi 10. Uluslararas\u0131 K\u00fclt\u00fcr, Sanat, Tar\u0131m ve Turizm Festivali\u2019ni 5-8 A\u011fustos 2026\u2019da d\u00fczenleyecek. Cengiz Arslan davet etti. \u00c7ameli Belediyesi taraf\u0131ndan bu y\u0131l 10\u2019uncusu d\u00fczenlenecek Uluslararas\u0131 K\u00fclt\u00fcr, Sanat, Tar\u0131m ve Turizm Festivalinin program\u0131 belli oldu. Festival, 05\u201308 A\u011fustos 2026 aras\u0131nda 4 g\u00fcn boyunca \u00c7ameli\u2019de ger\u00e7ekle\u015ftirilecek. Etkinliklerle il\u00e7enin yerel \u00fcr\u00fcnleri, k\u00fclt\u00fcrel de\u011ferleri ve turizm potansiyeli yerli-yabanc\u0131&#8230;<\/p>\n","protected":false},"author":1,"featured_media":82845,"comment_status":"open","ping_status":"open","sticky":false,"template":"","format":"standard","meta":{"_crdt_document":"","footnotes":""},"categories":[1],"tags":[],"class_list":["post-82844","post","type-post","status-publish","format-standard","has-post-thumbnail","hentry","category-guncel"],"_links":{"self":[{"href":"https:\/\/www.egemtv.com\/index.php?rest_route=\/wp\/v2\/posts\/82844","targetHints":{"allow":["GET"]}}],"collection":[{"href":"https:\/\/www.egemtv.com\/index.php?rest_route=\/wp\/v2\/posts"}],"about":[{"href":"https:\/\/www.egemtv.com\/index.php?rest_route=\/wp\/v2\/types\/post"}],"author":[{"embeddable":true,"href":"https:\/\/www.egemtv.com\/index.php?rest_route=\/wp\/v2\/users\/1"}],"replies":[{"embeddable":true,"href":"https:\/\/www.egemtv.com\/index.php?rest_route=%2Fwp%2Fv2%2Fcomments&post=82844"}],"version-history":[{"count":1,"href":"https:\/\/www.egemtv.com\/index.php?rest_route=\/wp\/v2\/posts\/82844\/revisions"}],"predecessor-version":[{"id":82846,"href":"https:\/\/www.egemtv.com\/index.php?rest_route=\/wp\/v2\/posts\/82844\/revisions\/82846"}],"wp:featuredmedia":[{"embeddable":true,"href":"https:\/\/www.egemtv.com\/index.php?rest_route=\/wp\/v2\/media\/82845"}],"wp:attachment":[{"href":"https:\/\/www.egemtv.com\/index.php?rest_route=%2Fwp%2Fv2%2Fmedia&parent=82844"}],"wp:term":[{"taxonomy":"category","embeddable":true,"href":"https:\/\/www.egemtv.com\/index.php?rest_route=%2Fwp%2Fv2%2Fcategories&post=82844"},{"taxonomy":"post_tag","embeddable":true,"href":"https:\/\/www.egemtv.com\/index.php?rest_route=%2Fwp%2Fv2%2Ftags&post=82844"}],"curies":[{"name":"wp","href":"https:\/\/api.w.org\/{rel}","templated":true}]}}