{"id":82841,"date":"2026-01-25T00:54:53","date_gmt":"2026-01-24T21:54:53","guid":{"rendered":"https:\/\/www.egemtv.com\/?p=82841"},"modified":"2026-01-25T00:54:55","modified_gmt":"2026-01-24T21:54:55","slug":"usakta-cipin-carptigi-yaya-hayatini-kaybetti","status":"publish","type":"post","link":"https:\/\/www.egemtv.com\/?p=82841","title":{"rendered":"U\u015fak\u2019ta cipin \u00e7arpt\u0131\u011f\u0131 yaya hayat\u0131n\u0131 kaybetti"},"content":{"rendered":"<p>U\u015fak\u2019ta cipin \u00e7arpmas\u0131 sonucu a\u011f\u0131r yaralanan 66 ya\u015f\u0131ndaki yaya, kald\u0131r\u0131ld\u0131\u011f\u0131 hastanede hayat\u0131n\u0131 kaybetti.<br \/>\n<br \/>Edinilen bilgilere g\u00f6re, \u0130.\u00c7. (22) idaresindeki 64 FL 808 plakal\u0131 cip, Bozku\u015f k\u00f6y\u00fc yak\u0131nlar\u0131na geldi\u011fi esnada yol kenar\u0131nda y\u00fcr\u00fcyen Birol Ertu\u011frul\u2019a (66) \u00e7arpt\u0131. \u00c7arpman\u0131n etkisiyle Birol Ertu\u011frul savruldu.<br \/>\n<br \/>\u00c7evredeki vatanda\u015flar\u0131n durumu 112 Acil \u00c7a\u011fr\u0131 Merkezi\u2019ne bildirmesi \u00fczerine b\u00f6lgeye 112 Sa\u011fl\u0131k, polis ve jandarma ekipleri sevk edildi. 112 Sa\u011fl\u0131k ekiplerince a\u011f\u0131r yaral\u0131 olarak U\u015fak E\u011fitim ve Ara\u015ft\u0131rma Hastanesi\u2019ne kald\u0131r\u0131lan Birol Ertu\u011frul, burada yap\u0131lan t\u00fcm m\u00fcdahalelere ra\u011fmen kurtar\u0131lamayarak hayat\u0131n\u0131 kaybetti.<br \/>\n<br \/>\u00d6te yandan cip s\u00fcr\u00fcc\u00fcs\u00fc jandarma ekiplerince g\u00f6zalt\u0131na al\u0131n\u0131rken, kazayla ilgili soru\u015fturma ba\u015flat\u0131ld\u0131\u011f\u0131 \u00f6\u011frenildi.<br \/><\/p>\n","protected":false},"excerpt":{"rendered":"<p>U\u015fak\u2019ta cipin \u00e7arpmas\u0131 sonucu a\u011f\u0131r yaralanan 66 ya\u015f\u0131ndaki yaya, kald\u0131r\u0131ld\u0131\u011f\u0131 hastanede hayat\u0131n\u0131 kaybetti. Edinilen bilgilere g\u00f6re, \u0130.\u00c7. (22) idaresindeki 64 FL 808 plakal\u0131 cip, Bozku\u015f k\u00f6y\u00fc yak\u0131nlar\u0131na geldi\u011fi esnada yol kenar\u0131nda y\u00fcr\u00fcyen Birol Ertu\u011frul\u2019a (66) \u00e7arpt\u0131. \u00c7arpman\u0131n etkisiyle Birol Ertu\u011frul savruldu. \u00c7evredeki vatanda\u015flar\u0131n durumu 112 Acil \u00c7a\u011fr\u0131 Merkezi\u2019ne bildirmesi \u00fczerine b\u00f6lgeye 112 Sa\u011fl\u0131k, polis ve&#8230;<\/p>\n","protected":false},"author":1,"featured_media":82842,"comment_status":"open","ping_status":"open","sticky":false,"template":"","format":"standard","meta":{"_crdt_document":"","footnotes":""},"categories":[5],"tags":[],"class_list":["post-82841","post","type-post","status-publish","format-standard","has-post-thumbnail","hentry","category-asayis"],"_links":{"self":[{"href":"https:\/\/www.egemtv.com\/index.php?rest_route=\/wp\/v2\/posts\/82841","targetHints":{"allow":["GET"]}}],"collection":[{"href":"https:\/\/www.egemtv.com\/index.php?rest_route=\/wp\/v2\/posts"}],"about":[{"href":"https:\/\/www.egemtv.com\/index.php?rest_route=\/wp\/v2\/types\/post"}],"author":[{"embeddable":true,"href":"https:\/\/www.egemtv.com\/index.php?rest_route=\/wp\/v2\/users\/1"}],"replies":[{"embeddable":true,"href":"https:\/\/www.egemtv.com\/index.php?rest_route=%2Fwp%2Fv2%2Fcomments&post=82841"}],"version-history":[{"count":1,"href":"https:\/\/www.egemtv.com\/index.php?rest_route=\/wp\/v2\/posts\/82841\/revisions"}],"predecessor-version":[{"id":82843,"href":"https:\/\/www.egemtv.com\/index.php?rest_route=\/wp\/v2\/posts\/82841\/revisions\/82843"}],"wp:featuredmedia":[{"embeddable":true,"href":"https:\/\/www.egemtv.com\/index.php?rest_route=\/wp\/v2\/media\/82842"}],"wp:attachment":[{"href":"https:\/\/www.egemtv.com\/index.php?rest_route=%2Fwp%2Fv2%2Fmedia&parent=82841"}],"wp:term":[{"taxonomy":"category","embeddable":true,"href":"https:\/\/www.egemtv.com\/index.php?rest_route=%2Fwp%2Fv2%2Fcategories&post=82841"},{"taxonomy":"post_tag","embeddable":true,"href":"https:\/\/www.egemtv.com\/index.php?rest_route=%2Fwp%2Fv2%2Ftags&post=82841"}],"curies":[{"name":"wp","href":"https:\/\/api.w.org\/{rel}","templated":true}]}}