{"id":82838,"date":"2026-01-24T23:35:40","date_gmt":"2026-01-24T20:35:40","guid":{"rendered":"https:\/\/www.egemtv.com\/?p=82838"},"modified":"2026-01-24T23:35:41","modified_gmt":"2026-01-24T20:35:41","slug":"cocuklarin-gozu-onunde-kopegi-katletti","status":"publish","type":"post","link":"https:\/\/www.egemtv.com\/?p=82838","title":{"rendered":"\u00c7ocuklar\u0131n g\u00f6z\u00fc \u00f6n\u00fcnde k\u00f6pe\u011fi katletti"},"content":{"rendered":"<p>Manisa\u2019n\u0131n Yunusemre il\u00e7esinde vatanda\u015flar taraf\u0131ndan bak\u0131lan \u2019Pa\u015fa\u2019 isimli k\u00f6pe\u011fi, \u00e7ocuklar\u0131n g\u00f6z\u00fc \u00f6n\u00fcnde \u00f6ld\u00fcren \u015fah\u0131s hakk\u0131nda \u2019Hayvanlar\u0131 Koruma Kanunu\u2019na muhalefet su\u00e7undan i\u015flem ba\u015flat\u0131ld\u0131.<br \/>\n<br \/>Manisa\u2019n\u0131n Yunusemre il\u00e7esi Ke\u00e7ilik\u00f6y Mahallesi\u2019nde mahalle sakinlerinin bakt\u0131\u011f\u0131 &#8220;Pa\u015fa&#8221; isimli k\u00f6pe\u011fin, \u00e7ocuklar\u0131n g\u00f6z\u00fc \u00f6n\u00fcnde plastik kutu i\u00e7erisinde ba\u015f\u0131 ezilerek ve tekmelenerek \u00f6ld\u00fcr\u00fclmesine ili\u015fkin olayda, g\u00fcvenlik kameras\u0131 g\u00f6r\u00fcnt\u00fclerinin sosyal medyada payla\u015f\u0131lmas\u0131n\u0131n ard\u0131ndan polis ekipleri harekete ge\u00e7ti.<br \/>\n<br \/>Emniyet M\u00fcd\u00fcrl\u00fc\u011f\u00fc ekipleri g\u00f6r\u00fcnt\u00fcler \u00fczerinde inceleme ba\u015flatt\u0131. Yap\u0131lan \u00e7al\u0131\u015fmalar sonucunda k\u0131sa s\u00fcrede tespit edilen E.K. isimli \u015fah\u0131s hakk\u0131nda, \u2019Hayvanlar\u0131 Koruma Kanunu\u2019na muhalefet su\u00e7undan i\u015flem ba\u015flat\u0131ld\u0131.<br \/><\/p>\n","protected":false},"excerpt":{"rendered":"<p>Manisa\u2019n\u0131n Yunusemre il\u00e7esinde vatanda\u015flar taraf\u0131ndan bak\u0131lan \u2019Pa\u015fa\u2019 isimli k\u00f6pe\u011fi, \u00e7ocuklar\u0131n g\u00f6z\u00fc \u00f6n\u00fcnde \u00f6ld\u00fcren \u015fah\u0131s hakk\u0131nda \u2019Hayvanlar\u0131 Koruma Kanunu\u2019na muhalefet su\u00e7undan i\u015flem ba\u015flat\u0131ld\u0131. Manisa\u2019n\u0131n Yunusemre il\u00e7esi Ke\u00e7ilik\u00f6y Mahallesi\u2019nde mahalle sakinlerinin bakt\u0131\u011f\u0131 &#8220;Pa\u015fa&#8221; isimli k\u00f6pe\u011fin, \u00e7ocuklar\u0131n g\u00f6z\u00fc \u00f6n\u00fcnde plastik kutu i\u00e7erisinde ba\u015f\u0131 ezilerek ve tekmelenerek \u00f6ld\u00fcr\u00fclmesine ili\u015fkin olayda, g\u00fcvenlik kameras\u0131 g\u00f6r\u00fcnt\u00fclerinin sosyal medyada payla\u015f\u0131lmas\u0131n\u0131n ard\u0131ndan polis ekipleri&#8230;<\/p>\n","protected":false},"author":1,"featured_media":82839,"comment_status":"open","ping_status":"open","sticky":false,"template":"","format":"standard","meta":{"_crdt_document":"","footnotes":""},"categories":[5],"tags":[],"class_list":["post-82838","post","type-post","status-publish","format-standard","has-post-thumbnail","hentry","category-asayis"],"_links":{"self":[{"href":"https:\/\/www.egemtv.com\/index.php?rest_route=\/wp\/v2\/posts\/82838","targetHints":{"allow":["GET"]}}],"collection":[{"href":"https:\/\/www.egemtv.com\/index.php?rest_route=\/wp\/v2\/posts"}],"about":[{"href":"https:\/\/www.egemtv.com\/index.php?rest_route=\/wp\/v2\/types\/post"}],"author":[{"embeddable":true,"href":"https:\/\/www.egemtv.com\/index.php?rest_route=\/wp\/v2\/users\/1"}],"replies":[{"embeddable":true,"href":"https:\/\/www.egemtv.com\/index.php?rest_route=%2Fwp%2Fv2%2Fcomments&post=82838"}],"version-history":[{"count":1,"href":"https:\/\/www.egemtv.com\/index.php?rest_route=\/wp\/v2\/posts\/82838\/revisions"}],"predecessor-version":[{"id":82840,"href":"https:\/\/www.egemtv.com\/index.php?rest_route=\/wp\/v2\/posts\/82838\/revisions\/82840"}],"wp:featuredmedia":[{"embeddable":true,"href":"https:\/\/www.egemtv.com\/index.php?rest_route=\/wp\/v2\/media\/82839"}],"wp:attachment":[{"href":"https:\/\/www.egemtv.com\/index.php?rest_route=%2Fwp%2Fv2%2Fmedia&parent=82838"}],"wp:term":[{"taxonomy":"category","embeddable":true,"href":"https:\/\/www.egemtv.com\/index.php?rest_route=%2Fwp%2Fv2%2Fcategories&post=82838"},{"taxonomy":"post_tag","embeddable":true,"href":"https:\/\/www.egemtv.com\/index.php?rest_route=%2Fwp%2Fv2%2Ftags&post=82838"}],"curies":[{"name":"wp","href":"https:\/\/api.w.org\/{rel}","templated":true}]}}