{"id":82835,"date":"2026-01-24T19:34:56","date_gmt":"2026-01-24T16:34:56","guid":{"rendered":"https:\/\/www.egemtv.com\/?p=82835"},"modified":"2026-01-24T19:34:57","modified_gmt":"2026-01-24T16:34:57","slug":"salihli-lokantacilarda-ahmet-tekin-donemi","status":"publish","type":"post","link":"https:\/\/www.egemtv.com\/?p=82835","title":{"rendered":"Salihli lokantac\u0131larda Ahmet Tekin d\u00f6nemi"},"content":{"rendered":"<p>Manisa\u2019n\u0131n Salihli il\u00e7esindeki Lokantac\u0131lar ve Gazinocular Esnaf Odas\u0131\u2019nda yap\u0131lan ola\u011fan genel kurulda ba\u015fkanl\u0131k se\u00e7imini Ahmet Tekin kazand\u0131.<br \/>\n<br \/>478 \u00fcyesi bulunan Salihli Lokantac\u0131lar ve Gazinocular Esnaf Odas\u0131, ola\u011fan genel kurulunu Salihli Belediyesi Zafer Keskiner Tiyatro Salonu\u2019nda ger\u00e7ekle\u015ftirdi. Divan Ba\u015fkanl\u0131\u011f\u0131n\u0131 Manisa Esnaf ve Sanatkarlar Odas\u0131 Birli\u011fi (MESOB) Ba\u015fkan\u0131 Hasan Geriter\u2019in yapt\u0131\u011f\u0131 kongrede ba\u015fkanl\u0131k i\u00e7in mevcut ba\u015fkan Ali Balkan ve Ahmet Tekin yar\u0131\u015ft\u0131. Kullan\u0131lan 402 oyun, 276\u2019s\u0131n\u0131 alan Ahmet Tekin, Salihli Lokantac\u0131lar ve Gazinocular Esnaf Odas\u0131\u2019n\u0131n yeni ba\u015fkan\u0131 se\u00e7ildi. 2 oyun ge\u00e7ersiz say\u0131ld\u0131\u011f\u0131 se\u00e7imde Ali Balkan ise 124 oy ald\u0131.<br \/>\n<br \/>Se\u00e7im sonu\u00e7lar\u0131n\u0131n ard\u0131ndan konu\u015fan Salihli Lokantac\u0131lar ve Gazinocular Esnaf Odas\u0131\u2019n\u0131n yeni ba\u015fkan\u0131 Ahmet Tekin &#8220;Ekip olarak gece g\u00fcnd\u00fcz demeden \u00e7ok \u00e7al\u0131\u015ft\u0131k. \u00dcyelerimizin deste\u011fi ile bu g\u00f6reve se\u00e7ildik. Odam\u0131z\u0131 birlik ve beraberlik i\u00e7erisinde y\u00f6netece\u011fiz. T\u00fcm \u00fcyelerimize te\u015fekk\u00fcr ediyorum&#8221; dedi.<br \/>\n<br \/>Ahmet Tekin ba\u015fkanl\u0131\u011f\u0131ndaki Salihli Lokantac\u0131lar ve Gazinocular Esnaf Odas\u0131 y\u00f6netimi Sefa Erg\u00fcn, Mahmut Azak, Emrah Keskin, F\u0131rat Boz, H\u00fcseyincan Atabey ve Adem Aydo\u011fan\u2019dan olu\u015furken, denetim kurulu ise  Nebahat Da\u011fl\u0131, Umut Kesici ve Emre Can \u0130\u015flek\u2019ten olu\u015ftu.<br \/><\/p>\n","protected":false},"excerpt":{"rendered":"<p>Manisa\u2019n\u0131n Salihli il\u00e7esindeki Lokantac\u0131lar ve Gazinocular Esnaf Odas\u0131\u2019nda yap\u0131lan ola\u011fan genel kurulda ba\u015fkanl\u0131k se\u00e7imini Ahmet Tekin kazand\u0131. 478 \u00fcyesi bulunan Salihli Lokantac\u0131lar ve Gazinocular Esnaf Odas\u0131, ola\u011fan genel kurulunu Salihli Belediyesi Zafer Keskiner Tiyatro Salonu\u2019nda ger\u00e7ekle\u015ftirdi. Divan Ba\u015fkanl\u0131\u011f\u0131n\u0131 Manisa Esnaf ve Sanatkarlar Odas\u0131 Birli\u011fi (MESOB) Ba\u015fkan\u0131 Hasan Geriter\u2019in yapt\u0131\u011f\u0131 kongrede ba\u015fkanl\u0131k i\u00e7in mevcut ba\u015fkan Ali&#8230;<\/p>\n","protected":false},"author":1,"featured_media":82836,"comment_status":"open","ping_status":"open","sticky":false,"template":"","format":"standard","meta":{"_crdt_document":"","footnotes":""},"categories":[125],"tags":[],"class_list":["post-82835","post","type-post","status-publish","format-standard","has-post-thumbnail","hentry","category-ekonomi"],"_links":{"self":[{"href":"https:\/\/www.egemtv.com\/index.php?rest_route=\/wp\/v2\/posts\/82835","targetHints":{"allow":["GET"]}}],"collection":[{"href":"https:\/\/www.egemtv.com\/index.php?rest_route=\/wp\/v2\/posts"}],"about":[{"href":"https:\/\/www.egemtv.com\/index.php?rest_route=\/wp\/v2\/types\/post"}],"author":[{"embeddable":true,"href":"https:\/\/www.egemtv.com\/index.php?rest_route=\/wp\/v2\/users\/1"}],"replies":[{"embeddable":true,"href":"https:\/\/www.egemtv.com\/index.php?rest_route=%2Fwp%2Fv2%2Fcomments&post=82835"}],"version-history":[{"count":1,"href":"https:\/\/www.egemtv.com\/index.php?rest_route=\/wp\/v2\/posts\/82835\/revisions"}],"predecessor-version":[{"id":82837,"href":"https:\/\/www.egemtv.com\/index.php?rest_route=\/wp\/v2\/posts\/82835\/revisions\/82837"}],"wp:featuredmedia":[{"embeddable":true,"href":"https:\/\/www.egemtv.com\/index.php?rest_route=\/wp\/v2\/media\/82836"}],"wp:attachment":[{"href":"https:\/\/www.egemtv.com\/index.php?rest_route=%2Fwp%2Fv2%2Fmedia&parent=82835"}],"wp:term":[{"taxonomy":"category","embeddable":true,"href":"https:\/\/www.egemtv.com\/index.php?rest_route=%2Fwp%2Fv2%2Fcategories&post=82835"},{"taxonomy":"post_tag","embeddable":true,"href":"https:\/\/www.egemtv.com\/index.php?rest_route=%2Fwp%2Fv2%2Ftags&post=82835"}],"curies":[{"name":"wp","href":"https:\/\/api.w.org\/{rel}","templated":true}]}}