{"id":82832,"date":"2026-01-24T19:14:44","date_gmt":"2026-01-24T16:14:44","guid":{"rendered":"https:\/\/www.egemtv.com\/?p=82832"},"modified":"2026-01-24T19:14:45","modified_gmt":"2026-01-24T16:14:45","slug":"usta-oyuncuya-buyuk-vefasizlik-yesilcamin-yildizi-10-kisiyle-anildi","status":"publish","type":"post","link":"https:\/\/www.egemtv.com\/?p=82832","title":{"rendered":"Usta oyuncuya b\u00fcy\u00fck vefas\u0131zl\u0131k: Ye\u015fil\u00e7am\u2019\u0131n y\u0131ld\u0131z\u0131 10 ki\u015fiyle an\u0131ld\u0131"},"content":{"rendered":"<p>T\u00fcrk sinemas\u0131n\u0131n unutulmaz isimlerinden Fatma Girik, Bodrum\u2019daki mezar\u0131 ba\u015f\u0131nda d\u00fczenlenen t\u00f6renle an\u0131ld\u0131. Anma t\u00f6renine yakla\u015f\u0131k 10 ki\u015finin kat\u0131ld\u0131\u011f\u0131 g\u00f6r\u00fcld\u00fc.<br \/>\n<br \/>1956-2012 y\u0131llar\u0131 aras\u0131nda 200\u2019den fazla sinema filmi ve dizide rol alan Fatma Girik, ya\u015fam\u0131n\u0131n son d\u00f6nemlerini Bodrum\u2019un Torba Mahallesi\u2019nde ge\u00e7irdi. Girik, Covid-19\u2019a ba\u011fl\u0131 viral pn\u00f6moni tedavisi g\u00f6r\u00fcrken geli\u015fen \u00e7oklu organ yetmezli\u011fi sonucu 24 Ocak 2022 tarihinde hayat\u0131n\u0131 kaybetti. 79 ya\u015f\u0131nda vefat eden sanat\u00e7\u0131 defnedildi\u011fi Torba Mezarl\u0131\u011f\u0131\u2019nda d\u00fczenlenen t\u00f6renle an\u0131ld\u0131. T\u00f6rene Fatma Girik\u2019in karde\u015fi M\u00fcyesser Girik, birka\u00e7 mahalle sakini ile Bodrum Belediyesi g\u00f6revlileri kat\u0131ld\u0131. Anma t\u00f6renine yakla\u015f\u0131k 10 ki\u015fi ile 8 bas\u0131n mensubunun kat\u0131lmas\u0131 dikkat \u00e7ekti. T\u00f6rende Fatma Girik ve ayn\u0131 mezarl\u0131\u011fa defnedilen Girik\u2019in annesi M\u00fcnevver Ukav, Y\u00f6netmen Memduh \u00dcn ile sanat\u00e7\u0131 Akrep Nalan i\u00e7in dualar okundu. T\u00f6ren sonras\u0131 bas\u0131n mensuplar\u0131na k\u0131sa bir konu\u015fma yapan M\u00fcyesser Girik, &#8220;Ar\u0131yoruz, \u00f6zl\u00fcyoruz&#8221; dedi.<br \/><\/p>\n","protected":false},"excerpt":{"rendered":"<p>T\u00fcrk sinemas\u0131n\u0131n unutulmaz isimlerinden Fatma Girik, Bodrum\u2019daki mezar\u0131 ba\u015f\u0131nda d\u00fczenlenen t\u00f6renle an\u0131ld\u0131. Anma t\u00f6renine yakla\u015f\u0131k 10 ki\u015finin kat\u0131ld\u0131\u011f\u0131 g\u00f6r\u00fcld\u00fc. 1956-2012 y\u0131llar\u0131 aras\u0131nda 200\u2019den fazla sinema filmi ve dizide rol alan Fatma Girik, ya\u015fam\u0131n\u0131n son d\u00f6nemlerini Bodrum\u2019un Torba Mahallesi\u2019nde ge\u00e7irdi. Girik, Covid-19\u2019a ba\u011fl\u0131 viral pn\u00f6moni tedavisi g\u00f6r\u00fcrken geli\u015fen \u00e7oklu organ yetmezli\u011fi sonucu 24 Ocak 2022 tarihinde&#8230;<\/p>\n","protected":false},"author":1,"featured_media":82833,"comment_status":"open","ping_status":"open","sticky":false,"template":"","format":"standard","meta":{"_crdt_document":"","footnotes":""},"categories":[123],"tags":[],"class_list":["post-82832","post","type-post","status-publish","format-standard","has-post-thumbnail","hentry","category-gundem"],"_links":{"self":[{"href":"https:\/\/www.egemtv.com\/index.php?rest_route=\/wp\/v2\/posts\/82832","targetHints":{"allow":["GET"]}}],"collection":[{"href":"https:\/\/www.egemtv.com\/index.php?rest_route=\/wp\/v2\/posts"}],"about":[{"href":"https:\/\/www.egemtv.com\/index.php?rest_route=\/wp\/v2\/types\/post"}],"author":[{"embeddable":true,"href":"https:\/\/www.egemtv.com\/index.php?rest_route=\/wp\/v2\/users\/1"}],"replies":[{"embeddable":true,"href":"https:\/\/www.egemtv.com\/index.php?rest_route=%2Fwp%2Fv2%2Fcomments&post=82832"}],"version-history":[{"count":1,"href":"https:\/\/www.egemtv.com\/index.php?rest_route=\/wp\/v2\/posts\/82832\/revisions"}],"predecessor-version":[{"id":82834,"href":"https:\/\/www.egemtv.com\/index.php?rest_route=\/wp\/v2\/posts\/82832\/revisions\/82834"}],"wp:featuredmedia":[{"embeddable":true,"href":"https:\/\/www.egemtv.com\/index.php?rest_route=\/wp\/v2\/media\/82833"}],"wp:attachment":[{"href":"https:\/\/www.egemtv.com\/index.php?rest_route=%2Fwp%2Fv2%2Fmedia&parent=82832"}],"wp:term":[{"taxonomy":"category","embeddable":true,"href":"https:\/\/www.egemtv.com\/index.php?rest_route=%2Fwp%2Fv2%2Fcategories&post=82832"},{"taxonomy":"post_tag","embeddable":true,"href":"https:\/\/www.egemtv.com\/index.php?rest_route=%2Fwp%2Fv2%2Ftags&post=82832"}],"curies":[{"name":"wp","href":"https:\/\/api.w.org\/{rel}","templated":true}]}}