{"id":82829,"date":"2026-01-24T18:54:38","date_gmt":"2026-01-24T15:54:38","guid":{"rendered":"https:\/\/www.egemtv.com\/?p=82829"},"modified":"2026-01-24T18:54:39","modified_gmt":"2026-01-24T15:54:39","slug":"cumhurbaskani-erdogan-her-acidan-gurur-verici-bir-sifa-merkezini-aydinimiza-kazandiriyoruz","status":"publish","type":"post","link":"https:\/\/www.egemtv.com\/?p=82829","title":{"rendered":"Cumhurba\u015fkan\u0131 Erdo\u011fan: &#8220;Her a\u00e7\u0131dan gurur verici bir \u015fifa merkezini Ayd\u0131n\u2019\u0131m\u0131za kazand\u0131r\u0131yoruz&#8221;"},"content":{"rendered":"<p>Cumhurba\u015fkan\u0131 Recep Tayyip Erdo\u011fan, Ayd\u0131n \u015eehir Hastanesi\u2019nin a\u00e7\u0131l\u0131\u015f\u0131n\u0131 ger\u00e7ekle\u015ftirdi.<br \/>\n<br \/>Yap\u0131m\u0131 tamamlanan yat\u0131r\u0131mlar\u0131n toplu a\u00e7\u0131l\u0131\u015f t\u00f6reni i\u00e7in Ayd\u0131n\u2019a gelen Cumhurba\u015fkan\u0131 Erdo\u011fan, Atat\u00fcrk Kent Meydan\u0131\u2019ndaki t\u00f6renin ard\u0131ndan Ayd\u0131n B\u00fcy\u00fck\u015fehir Belediyesi\u2019ni ziyaret etti. Ayd\u0131n B\u00fcy\u00fck\u015fehir Belediye Ba\u015fkan\u0131 \u00d6zlem \u00c7er\u00e7io\u011flu ile makam\u0131nda g\u00f6r\u00fc\u015fen Cumhurba\u015fkan\u0131 Erdo\u011fan\u2019\u0131n bir sonraki dura\u011f\u0131 ise Ayd\u0131n \u015eehir Hastanesi oldu. Hastanenin a\u00e7\u0131l\u0131\u015f kurdelesini kesen Erdo\u011fan, \u015fehir hastanesinin ayn\u0131 zamanda e\u011fitim ve ara\u015ft\u0131rma hastanesi olarak da hizmet verece\u011finin m\u00fcjdesini vererek, Ayd\u0131n\u2019a ve \u00fclkeye hay\u0131rl\u0131 olmas\u0131n\u0131 temenni etti.<br \/>\n<br \/>Bin 300 yatak kapasiteli hastanenin Ayd\u0131n halk\u0131na birinci s\u0131n\u0131f sa\u011fl\u0131k hizmeti sunaca\u011f\u0131n\u0131 ifade eden Erdo\u011fan, &#8220;Her \u015feyden \u00f6nce bug\u00fcn Ayd\u0131n\u2019\u0131m\u0131za b\u00f6yle muhte\u015fem bir eseri kazand\u0131rman\u0131n gayreti i\u00e7erisindeyiz. Ayd\u0131n \u015eehir Hastanemiz \u00e7ok farkl\u0131 bir imkana bu vesile ile kavu\u015facak ve at\u0131lacak bu ad\u0131mla beraber Ayd\u0131n\u2019da onkolojiyle ilgili de ad\u0131mlar\u0131 ataca\u011f\u0131z. Art\u0131k Ayd\u0131n halk\u0131, \u0130zmir\u2019e gitmek veya farkl\u0131 bir ile gitmek durumunda kalmayacak. Bu g\u00f6rd\u00fc\u011f\u00fcn\u00fcz muhte\u015fem eser art\u0131k Ayd\u0131n\u2019\u0131n \u00e7evre illere gitmesini asla gerektirmeyecek. Bundan b\u00f6yle Ayd\u0131n kendi b\u00fcnyesinde bu ihtiya\u00e7lar\u0131n\u0131 giderebilecek. A\u00e7\u0131l\u0131\u015f\u0131n\u0131 yapt\u0131\u011f\u0131m\u0131z Ayd\u0131n \u015eehir Hastanemiz her a\u00e7\u0131dan Ayd\u0131n\u2019\u0131m\u0131za yara\u015f\u0131r bir eser oldu. Bin 300 yatak kapasiteli hastanemizin kurdelesini bug\u00fcn kesiyoruz. 65,5 milyarl\u0131k yat\u0131r\u0131m de\u011ferine sahip ve her a\u00e7\u0131dan gurur verici bir \u015fifa merkezini Ayd\u0131n\u2019\u0131m\u0131za kazand\u0131r\u0131yoruz. Ayd\u0131n\u0131m\u0131z bu \u015fehir hastanesi ile \u00e7ok daha farkl\u0131 \u00e7ok daha g\u00fc\u00e7l\u00fc \u015fekilde gelece\u011fe y\u00fcr\u00fcyecek&#8221; dedi.<br \/>\n<br \/>Kurdele kesim t\u00f6renin ard\u0131ndan Cumhurba\u015fkan\u0131 Erdo\u011fan, beraberindeki heyetle birlikte hastaneyi gezerek incelemelerde bulundu. Daha sonra hastalar\u0131 da ziyaret eden Erdo\u011fan, \u2018ge\u00e7mi\u015f olsun\u2019 temennisinde bulunarak vatanda\u015flarla sohbet etti.<br \/>\n<br \/>140 bin metrekareye kurulan ve 65,5 milyar TL yat\u0131r\u0131m b\u00fcy\u00fckl\u00fc\u011f\u00fc bulunan Ayd\u0131n \u015eehir Hastanesi\u2019nde 365 adet poliklinik, 34 ameliyathane, n\u00fckleer t\u0131p merkezi, 2 bin 269 ara\u00e7l\u0131k a\u00e7\u0131k ve kapal\u0131 2 otopark\u0131, 16 adet yan\u0131k, 250 adet yo\u011fun bak\u0131m yata\u011f\u0131, 3 adet MR, 3 adet tomografi, 45 adet diyaliz cihaz\u0131 bulunuyor.<br \/><\/p>\n","protected":false},"excerpt":{"rendered":"<p>Cumhurba\u015fkan\u0131 Recep Tayyip Erdo\u011fan, Ayd\u0131n \u015eehir Hastanesi\u2019nin a\u00e7\u0131l\u0131\u015f\u0131n\u0131 ger\u00e7ekle\u015ftirdi. Yap\u0131m\u0131 tamamlanan yat\u0131r\u0131mlar\u0131n toplu a\u00e7\u0131l\u0131\u015f t\u00f6reni i\u00e7in Ayd\u0131n\u2019a gelen Cumhurba\u015fkan\u0131 Erdo\u011fan, Atat\u00fcrk Kent Meydan\u0131\u2019ndaki t\u00f6renin ard\u0131ndan Ayd\u0131n B\u00fcy\u00fck\u015fehir Belediyesi\u2019ni ziyaret etti. Ayd\u0131n B\u00fcy\u00fck\u015fehir Belediye Ba\u015fkan\u0131 \u00d6zlem \u00c7er\u00e7io\u011flu ile makam\u0131nda g\u00f6r\u00fc\u015fen Cumhurba\u015fkan\u0131 Erdo\u011fan\u2019\u0131n bir sonraki dura\u011f\u0131 ise Ayd\u0131n \u015eehir Hastanesi oldu. Hastanenin a\u00e7\u0131l\u0131\u015f kurdelesini kesen Erdo\u011fan, \u015fehir&#8230;<\/p>\n","protected":false},"author":1,"featured_media":82830,"comment_status":"open","ping_status":"open","sticky":false,"template":"","format":"standard","meta":{"_crdt_document":"","footnotes":""},"categories":[127],"tags":[],"class_list":["post-82829","post","type-post","status-publish","format-standard","has-post-thumbnail","hentry","category-siyaset"],"_links":{"self":[{"href":"https:\/\/www.egemtv.com\/index.php?rest_route=\/wp\/v2\/posts\/82829","targetHints":{"allow":["GET"]}}],"collection":[{"href":"https:\/\/www.egemtv.com\/index.php?rest_route=\/wp\/v2\/posts"}],"about":[{"href":"https:\/\/www.egemtv.com\/index.php?rest_route=\/wp\/v2\/types\/post"}],"author":[{"embeddable":true,"href":"https:\/\/www.egemtv.com\/index.php?rest_route=\/wp\/v2\/users\/1"}],"replies":[{"embeddable":true,"href":"https:\/\/www.egemtv.com\/index.php?rest_route=%2Fwp%2Fv2%2Fcomments&post=82829"}],"version-history":[{"count":1,"href":"https:\/\/www.egemtv.com\/index.php?rest_route=\/wp\/v2\/posts\/82829\/revisions"}],"predecessor-version":[{"id":82831,"href":"https:\/\/www.egemtv.com\/index.php?rest_route=\/wp\/v2\/posts\/82829\/revisions\/82831"}],"wp:featuredmedia":[{"embeddable":true,"href":"https:\/\/www.egemtv.com\/index.php?rest_route=\/wp\/v2\/media\/82830"}],"wp:attachment":[{"href":"https:\/\/www.egemtv.com\/index.php?rest_route=%2Fwp%2Fv2%2Fmedia&parent=82829"}],"wp:term":[{"taxonomy":"category","embeddable":true,"href":"https:\/\/www.egemtv.com\/index.php?rest_route=%2Fwp%2Fv2%2Fcategories&post=82829"},{"taxonomy":"post_tag","embeddable":true,"href":"https:\/\/www.egemtv.com\/index.php?rest_route=%2Fwp%2Fv2%2Ftags&post=82829"}],"curies":[{"name":"wp","href":"https:\/\/api.w.org\/{rel}","templated":true}]}}