{"id":82826,"date":"2026-01-24T18:34:49","date_gmt":"2026-01-24T15:34:49","guid":{"rendered":"https:\/\/www.egemtv.com\/?p=82826"},"modified":"2026-01-24T18:34:50","modified_gmt":"2026-01-24T15:34:50","slug":"sabah-namazinda-bulustular","status":"publish","type":"post","link":"https:\/\/www.egemtv.com\/?p=82826","title":{"rendered":"Sabah namaz\u0131nda bulu\u015ftular"},"content":{"rendered":"<p>Mu\u011fla\u2019n\u0131n K\u00f6yce\u011fiz \u0130l\u00e7e M\u00fcft\u00fcl\u00fc\u011f\u00fc\u2019n\u00fcn d\u00fczenledi\u011fi Sabah Namaz\u0131 Bulu\u015fmalar\u0131 Beyobas\u0131 Mahallesi Merkez Camii\u2019nde ger\u00e7ekle\u015fti.<\/p>\n<p>Beyobas\u0131 Merkez Camii \u0130mam-Hatibi Sunay Keskin\u2019in Yasin Suresi\u2019ni tilavet etti\u011fi, sabah namaz\u0131n\u0131 Uzman \u0130brahim B\u00f6l\u00fckba\u015f\u0131\u2019n\u0131n k\u0131ld\u0131rd\u0131\u011f\u0131, Vaiz Rauf Evleksiz\u2019in sohbet etti\u011fi ve Hamit Mahallesi Camii \u0130mam-Hatibi Ali Akduman\u2019\u0131n da dua yapt\u0131\u011f\u0131 sabah namaz\u0131 bulu\u015fmas\u0131nda tesbihat\u0131 Din G\u00f6revlisi Selman G\u00fcndo\u011fdu yapt\u0131rd\u0131. Caminin doldu\u011fu, bayanlar\u0131n, gen\u00e7lerin, civar mahallelerdeki din g\u00f6revlilerinin cemaatiyle i\u015ftirak ettikleri, misafirlerin ve K\u00f6yce\u011fizli vatanda\u015flar\u0131n yo\u011fun ilgi g\u00f6sterdi\u011fi sabah namaz\u0131 bulu\u015fmas\u0131 sonras\u0131 ev sahibi Beyobas\u0131 Camii g\u00f6revlileri Sunay Keskin ve Ercan Pakur, misafirlerine \u00e7orba ve kahvalt\u0131 ikram\u0131nda bulundu. Yemek duas\u0131n\u0131n yap\u0131lmas\u0131n\u0131n ard\u0131ndan Vaiz Rauf Evleksiz\u2019in ev sahibi hocalara ve sabah namaz\u0131 bulu\u015fmas\u0131na te\u015frif edip camiyi g\u00fczelle\u015ftiren cemaate te\u015fekk\u00fcr etmesiyle program sona erdi.<br \/><\/p>\n","protected":false},"excerpt":{"rendered":"<p>Mu\u011fla\u2019n\u0131n K\u00f6yce\u011fiz \u0130l\u00e7e M\u00fcft\u00fcl\u00fc\u011f\u00fc\u2019n\u00fcn d\u00fczenledi\u011fi Sabah Namaz\u0131 Bulu\u015fmalar\u0131 Beyobas\u0131 Mahallesi Merkez Camii\u2019nde ger\u00e7ekle\u015fti. Beyobas\u0131 Merkez Camii \u0130mam-Hatibi Sunay Keskin\u2019in Yasin Suresi\u2019ni tilavet etti\u011fi, sabah namaz\u0131n\u0131 Uzman \u0130brahim B\u00f6l\u00fckba\u015f\u0131\u2019n\u0131n k\u0131ld\u0131rd\u0131\u011f\u0131, Vaiz Rauf Evleksiz\u2019in sohbet etti\u011fi ve Hamit Mahallesi Camii \u0130mam-Hatibi Ali Akduman\u2019\u0131n da dua yapt\u0131\u011f\u0131 sabah namaz\u0131 bulu\u015fmas\u0131nda tesbihat\u0131 Din G\u00f6revlisi Selman G\u00fcndo\u011fdu yapt\u0131rd\u0131. Caminin doldu\u011fu,&#8230;<\/p>\n","protected":false},"author":1,"featured_media":82827,"comment_status":"open","ping_status":"open","sticky":false,"template":"","format":"standard","meta":{"_crdt_document":"","footnotes":""},"categories":[1],"tags":[],"class_list":["post-82826","post","type-post","status-publish","format-standard","has-post-thumbnail","hentry","category-guncel"],"_links":{"self":[{"href":"https:\/\/www.egemtv.com\/index.php?rest_route=\/wp\/v2\/posts\/82826","targetHints":{"allow":["GET"]}}],"collection":[{"href":"https:\/\/www.egemtv.com\/index.php?rest_route=\/wp\/v2\/posts"}],"about":[{"href":"https:\/\/www.egemtv.com\/index.php?rest_route=\/wp\/v2\/types\/post"}],"author":[{"embeddable":true,"href":"https:\/\/www.egemtv.com\/index.php?rest_route=\/wp\/v2\/users\/1"}],"replies":[{"embeddable":true,"href":"https:\/\/www.egemtv.com\/index.php?rest_route=%2Fwp%2Fv2%2Fcomments&post=82826"}],"version-history":[{"count":1,"href":"https:\/\/www.egemtv.com\/index.php?rest_route=\/wp\/v2\/posts\/82826\/revisions"}],"predecessor-version":[{"id":82828,"href":"https:\/\/www.egemtv.com\/index.php?rest_route=\/wp\/v2\/posts\/82826\/revisions\/82828"}],"wp:featuredmedia":[{"embeddable":true,"href":"https:\/\/www.egemtv.com\/index.php?rest_route=\/wp\/v2\/media\/82827"}],"wp:attachment":[{"href":"https:\/\/www.egemtv.com\/index.php?rest_route=%2Fwp%2Fv2%2Fmedia&parent=82826"}],"wp:term":[{"taxonomy":"category","embeddable":true,"href":"https:\/\/www.egemtv.com\/index.php?rest_route=%2Fwp%2Fv2%2Fcategories&post=82826"},{"taxonomy":"post_tag","embeddable":true,"href":"https:\/\/www.egemtv.com\/index.php?rest_route=%2Fwp%2Fv2%2Ftags&post=82826"}],"curies":[{"name":"wp","href":"https:\/\/api.w.org\/{rel}","templated":true}]}}