{"id":82823,"date":"2026-01-24T18:34:48","date_gmt":"2026-01-24T15:34:48","guid":{"rendered":"https:\/\/www.egemtv.com\/?p=82823"},"modified":"2026-01-24T18:34:49","modified_gmt":"2026-01-24T15:34:49","slug":"baskan-kaya-bakan-yumakli-ile-deve-gureslerini-gorustu","status":"publish","type":"post","link":"https:\/\/www.egemtv.com\/?p=82823","title":{"rendered":"Ba\u015fkan Kaya, Bakan Yumakl\u0131 ile deve g\u00fcre\u015flerini g\u00f6r\u00fc\u015ft\u00fc"},"content":{"rendered":"<p>Cumhurba\u015fkan\u0131 Recep Tayyip Erdo\u011fan\u2019\u0131n Ayd\u0131n program\u0131 kapsam\u0131nda, \u0130ncirliova Belediye Ba\u015fkan\u0131 Aytekin Kaya, Tar\u0131m ve Orman Bakan\u0131 \u0130brahim Yumakl\u0131 ile bir g\u00f6r\u00fc\u015fme ger\u00e7ekle\u015ftirdi.<\/p>\n<p>Ba\u015fkan Kaya g\u00f6r\u00fc\u015fmede, deve g\u00fcre\u015flerinin ba\u015fkenti olarak an\u0131lan \u0130ncirliova\u2019n\u0131n ve deveci camias\u0131n\u0131n, deve g\u00fcre\u015flerinin yeniden yap\u0131lmaya ba\u015flanmas\u0131na y\u00f6nelik talep ve beklentilerini Bakan Yumakl\u0131\u2019ya iletti. Ba\u015fkan Kaya, s\u00f6z konusu talepleri Bakan Yumakl\u0131\u2019ya bizzat ileterek g\u00f6r\u00fc\u015fmeye ili\u015fkin, &#8220;Deve G\u00fcre\u015flerinin Ba\u015fkenti \u0130ncirliovam\u0131z\u0131n ve Deveci Camiam\u0131z\u0131n deve g\u00fcre\u015flerinin yeniden yap\u0131lmaya ba\u015flamas\u0131na ili\u015fkin taleplerini Bakan\u0131m\u0131za bizzat ilettik. Bakan\u0131m\u0131za yak\u0131n ilgisi ve destekleri i\u00e7in g\u00f6n\u00fclden te\u015fekk\u00fcr ediyorum&#8221; dedi.<br \/><\/p>\n","protected":false},"excerpt":{"rendered":"<p>Cumhurba\u015fkan\u0131 Recep Tayyip Erdo\u011fan\u2019\u0131n Ayd\u0131n program\u0131 kapsam\u0131nda, \u0130ncirliova Belediye Ba\u015fkan\u0131 Aytekin Kaya, Tar\u0131m ve Orman Bakan\u0131 \u0130brahim Yumakl\u0131 ile bir g\u00f6r\u00fc\u015fme ger\u00e7ekle\u015ftirdi. Ba\u015fkan Kaya g\u00f6r\u00fc\u015fmede, deve g\u00fcre\u015flerinin ba\u015fkenti olarak an\u0131lan \u0130ncirliova\u2019n\u0131n ve deveci camias\u0131n\u0131n, deve g\u00fcre\u015flerinin yeniden yap\u0131lmaya ba\u015flanmas\u0131na y\u00f6nelik talep ve beklentilerini Bakan Yumakl\u0131\u2019ya iletti. Ba\u015fkan Kaya, s\u00f6z konusu talepleri Bakan Yumakl\u0131\u2019ya bizzat ileterek&#8230;<\/p>\n","protected":false},"author":1,"featured_media":82824,"comment_status":"open","ping_status":"open","sticky":false,"template":"","format":"standard","meta":{"_crdt_document":"","footnotes":""},"categories":[1],"tags":[],"class_list":["post-82823","post","type-post","status-publish","format-standard","has-post-thumbnail","hentry","category-guncel"],"_links":{"self":[{"href":"https:\/\/www.egemtv.com\/index.php?rest_route=\/wp\/v2\/posts\/82823","targetHints":{"allow":["GET"]}}],"collection":[{"href":"https:\/\/www.egemtv.com\/index.php?rest_route=\/wp\/v2\/posts"}],"about":[{"href":"https:\/\/www.egemtv.com\/index.php?rest_route=\/wp\/v2\/types\/post"}],"author":[{"embeddable":true,"href":"https:\/\/www.egemtv.com\/index.php?rest_route=\/wp\/v2\/users\/1"}],"replies":[{"embeddable":true,"href":"https:\/\/www.egemtv.com\/index.php?rest_route=%2Fwp%2Fv2%2Fcomments&post=82823"}],"version-history":[{"count":1,"href":"https:\/\/www.egemtv.com\/index.php?rest_route=\/wp\/v2\/posts\/82823\/revisions"}],"predecessor-version":[{"id":82825,"href":"https:\/\/www.egemtv.com\/index.php?rest_route=\/wp\/v2\/posts\/82823\/revisions\/82825"}],"wp:featuredmedia":[{"embeddable":true,"href":"https:\/\/www.egemtv.com\/index.php?rest_route=\/wp\/v2\/media\/82824"}],"wp:attachment":[{"href":"https:\/\/www.egemtv.com\/index.php?rest_route=%2Fwp%2Fv2%2Fmedia&parent=82823"}],"wp:term":[{"taxonomy":"category","embeddable":true,"href":"https:\/\/www.egemtv.com\/index.php?rest_route=%2Fwp%2Fv2%2Fcategories&post=82823"},{"taxonomy":"post_tag","embeddable":true,"href":"https:\/\/www.egemtv.com\/index.php?rest_route=%2Fwp%2Fv2%2Ftags&post=82823"}],"curies":[{"name":"wp","href":"https:\/\/api.w.org\/{rel}","templated":true}]}}