{"id":82820,"date":"2026-01-24T18:16:07","date_gmt":"2026-01-24T15:16:07","guid":{"rendered":"https:\/\/www.egemtv.com\/?p=82820"},"modified":"2026-01-24T18:16:08","modified_gmt":"2026-01-24T15:16:08","slug":"ak-parti-usak-eski-milletvekili-altay-son-yolculuguna-ugurlandi","status":"publish","type":"post","link":"https:\/\/www.egemtv.com\/?p=82820","title":{"rendered":"AK Parti U\u015fak eski Milletvekili Altay son yolculu\u011funa u\u011furland\u0131"},"content":{"rendered":"<p>Bir s\u00fcredir kanser tedavisi g\u00f6ren AK Parti U\u015fak eski Milletvekili Mehmet Altay, U\u015fak\u2019ta tedavi g\u00f6rd\u00fc\u011f\u00fc hastanede hayat\u0131n\u0131 kaybetti.<\/p>\n<p>Mehmet Altay\u2019\u0131n 16 Ocak\u2019ta U\u015fak E\u011fitim ve Ara\u015ft\u0131rma Hastanesi\u2019nde tedavi alt\u0131na al\u0131nd\u0131\u011f\u0131, sa\u011fl\u0131k durumunun a\u011f\u0131rla\u015fmas\u0131 \u00fczerine 20 Ocak\u2019tan itibaren yo\u011fun bak\u0131m servisinde tedavisinin s\u00fcrd\u00fc\u011f\u00fc belirtildi. Altay, d\u00fcn hastanede hayat\u0131n\u0131 kaybetti.<\/p>\n<p>Altay\u2019\u0131n cenazesi, t\u00f6ren \u00f6ncesinde U\u015fak merkez Cumhuriyet Mahallesi\u2019nde bulunan evinin \u00f6n\u00fcne getirilerek ailesi ve yak\u0131nlar\u0131ndan helallik al\u0131nd\u0131. Ard\u0131ndan naa\u015f\u0131 Ulubey il\u00e7esindeki Halil Efendi Camii\u2019ne g\u00f6t\u00fcr\u00fcld\u00fc. \u0130kindi namaz\u0131na m\u00fcteakip k\u0131l\u0131nan cenaze namaz\u0131n\u0131n ard\u0131ndan Mehmet Altay\u2019\u0131n naa\u015f\u0131 Ulubey Mezarl\u0131\u011f\u0131\u2019nda defnedildi.<\/p>\n<p>Cenaze t\u00f6renine Altay\u2019\u0131n ailesi ve yak\u0131nlar\u0131n\u0131n yan\u0131 s\u0131ra Adalet Bakan\u0131 Y\u0131lmaz Tun\u00e7, U\u015fak Valisi Naci Akta\u015f, Artvin Valisi Turan Erg\u00fcn, \u0130\u00e7i\u015fleri Bakan Yard\u0131mc\u0131s\u0131 B\u00fclent Turan, Ula\u015ft\u0131rma ve Altyap\u0131 Bakan Yard\u0131mc\u0131s\u0131 Osman Boyraz, AK Parti Grup Ba\u015fkanvekilleri Bahad\u0131r Yeni\u015fehiro\u011flu ve Abd\u00fclhamit G\u00fcl, AK Parti Genel Ba\u015fkan Yard\u0131mc\u0131s\u0131 Nihat Zeybekci, TBMM \u0130\u00e7i\u015fleri Komisyonu Ba\u015fkan\u0131 S\u00fcleyman Soylu, eski TBMM Ba\u015fkan\u0131 Mustafa \u015eentop, AK Parti U\u015fak \u0130l Ba\u015fkan\u0131 Himmet Ya\u015far, milletvekilleri, belediye ba\u015fkanlar\u0131, kurum m\u00fcd\u00fcrleri, siyasi parti temsilcileri ve \u00e7ok say\u0131da vatanda\u015f kat\u0131ld\u0131.<br \/>\n<br \/>Cenaze namaz\u0131n\u0131n ard\u0131ndan konu\u015fan Adalet Bakan\u0131 Y\u0131lmaz Tun\u00e7; &#8220;\u00c7ok de\u011ferli bir karde\u015fimizdi, \u00f6z\u00fc s\u00f6z\u00fc bir. \u0130\u00e7i d\u0131\u015f\u0131 bir bi karde\u015fimizdi. \u00c7al\u0131\u015fkanl\u0131\u011f\u0131yla, sevecenli\u011fiyle, kadir\u015finasl\u0131\u011f\u0131yla temay\u00fcl etti\u011fimiz bir karde\u015fimizdi. Tabi son zamanlarda bir rahats\u0131zl\u0131k ge\u00e7irdi. Ve rahats\u0131zl\u0131\u011f\u0131 neticesinde Rabbim&#8230; Bug\u00fcn ebediyete u\u011furluyoruz. Mekan\u0131 cennet olsun. E\u015fine \u00e7ocuklar\u0131na Rabbim sab\u0131r versin. B\u00fct\u00fcn arkada\u015flar\u0131na ba\u015fsa\u011fl\u0131\u011f\u0131 diliyorum. Mekan\u0131 cennet olsun. U\u015fak ilimize \u00f6nemli hizmetleriyle uzun s\u00fcre burada siyaset yapt\u0131. \u00d6nemli \u00e7al\u0131\u015fmalar yapt\u0131. U\u015fak\u2019\u0131 da \u00e7ok severdi. U\u015fakl\u0131 hem\u015fehrilerimize de bir kez daha ba\u015fsa\u011fl\u0131\u011f\u0131 diliyorum.&#8221; dedi.<br \/><\/p>\n","protected":false},"excerpt":{"rendered":"<p>Bir s\u00fcredir kanser tedavisi g\u00f6ren AK Parti U\u015fak eski Milletvekili Mehmet Altay, U\u015fak\u2019ta tedavi g\u00f6rd\u00fc\u011f\u00fc hastanede hayat\u0131n\u0131 kaybetti. Mehmet Altay\u2019\u0131n 16 Ocak\u2019ta U\u015fak E\u011fitim ve Ara\u015ft\u0131rma Hastanesi\u2019nde tedavi alt\u0131na al\u0131nd\u0131\u011f\u0131, sa\u011fl\u0131k durumunun a\u011f\u0131rla\u015fmas\u0131 \u00fczerine 20 Ocak\u2019tan itibaren yo\u011fun bak\u0131m servisinde tedavisinin s\u00fcrd\u00fc\u011f\u00fc belirtildi. Altay, d\u00fcn hastanede hayat\u0131n\u0131 kaybetti. Altay\u2019\u0131n cenazesi, t\u00f6ren \u00f6ncesinde U\u015fak merkez Cumhuriyet&#8230;<\/p>\n","protected":false},"author":1,"featured_media":82821,"comment_status":"open","ping_status":"open","sticky":false,"template":"","format":"standard","meta":{"_crdt_document":"","footnotes":""},"categories":[123],"tags":[],"class_list":["post-82820","post","type-post","status-publish","format-standard","has-post-thumbnail","hentry","category-gundem"],"_links":{"self":[{"href":"https:\/\/www.egemtv.com\/index.php?rest_route=\/wp\/v2\/posts\/82820","targetHints":{"allow":["GET"]}}],"collection":[{"href":"https:\/\/www.egemtv.com\/index.php?rest_route=\/wp\/v2\/posts"}],"about":[{"href":"https:\/\/www.egemtv.com\/index.php?rest_route=\/wp\/v2\/types\/post"}],"author":[{"embeddable":true,"href":"https:\/\/www.egemtv.com\/index.php?rest_route=\/wp\/v2\/users\/1"}],"replies":[{"embeddable":true,"href":"https:\/\/www.egemtv.com\/index.php?rest_route=%2Fwp%2Fv2%2Fcomments&post=82820"}],"version-history":[{"count":1,"href":"https:\/\/www.egemtv.com\/index.php?rest_route=\/wp\/v2\/posts\/82820\/revisions"}],"predecessor-version":[{"id":82822,"href":"https:\/\/www.egemtv.com\/index.php?rest_route=\/wp\/v2\/posts\/82820\/revisions\/82822"}],"wp:featuredmedia":[{"embeddable":true,"href":"https:\/\/www.egemtv.com\/index.php?rest_route=\/wp\/v2\/media\/82821"}],"wp:attachment":[{"href":"https:\/\/www.egemtv.com\/index.php?rest_route=%2Fwp%2Fv2%2Fmedia&parent=82820"}],"wp:term":[{"taxonomy":"category","embeddable":true,"href":"https:\/\/www.egemtv.com\/index.php?rest_route=%2Fwp%2Fv2%2Fcategories&post=82820"},{"taxonomy":"post_tag","embeddable":true,"href":"https:\/\/www.egemtv.com\/index.php?rest_route=%2Fwp%2Fv2%2Ftags&post=82820"}],"curies":[{"name":"wp","href":"https:\/\/api.w.org\/{rel}","templated":true}]}}