{"id":82817,"date":"2026-01-24T17:14:53","date_gmt":"2026-01-24T14:14:53","guid":{"rendered":"https:\/\/www.egemtv.com\/?p=82817"},"modified":"2026-01-24T17:14:53","modified_gmt":"2026-01-24T14:14:53","slug":"burdurda-limon-yuku-tir-sarampole-devrildi","status":"publish","type":"post","link":"https:\/\/www.egemtv.com\/?p=82817","title":{"rendered":"Burdur\u2019da limon y\u00fck\u00fc t\u0131r \u015farampole devrildi"},"content":{"rendered":"<p>Burdur\u2019un \u00c7avd\u0131r il\u00e7esinde limon y\u00fckl\u00fc t\u0131r\u0131n \u015farampole devrilmesi sonucu meydana gelen trafik kazas\u0131nda \u015fans eseri yaralanan kimse olmad\u0131.<br \/>\n<br \/>Kaza, Antalya-Denizli Karayolu Kayac\u0131k K\u00f6y\u00fc yak\u0131nlar\u0131nda meydana geldi. Edinilen bilgiye g\u00f6re, M.G. idaresindeki 45 AJB 336 plakal\u0131 t\u0131r, s\u00fcr\u00fcc\u00fcs\u00fcn\u00fcn direksiyon hakimiyetini kaybetmesi sonucu kontrolden \u00e7\u0131karak \u015farampole devrildi. Kazada \u015fans eseri yaralanan olmazken ihbar \u00fczerine adrese jandarma ekipleri sevk edildi. Ekipler taraf\u0131ndan yolda g\u00fcvenlik \u00f6nemi al\u0131n\u0131rken devrilen t\u0131r\u0131n kald\u0131rma i\u015flemleri ba\u015flat\u0131ld\u0131.<br \/>\n<br \/>Kazayla ilgili inceleme s\u00fcr\u00fcyor.<br \/><\/p>\n","protected":false},"excerpt":{"rendered":"<p>Burdur\u2019un \u00c7avd\u0131r il\u00e7esinde limon y\u00fckl\u00fc t\u0131r\u0131n \u015farampole devrilmesi sonucu meydana gelen trafik kazas\u0131nda \u015fans eseri yaralanan kimse olmad\u0131. Kaza, Antalya-Denizli Karayolu Kayac\u0131k K\u00f6y\u00fc yak\u0131nlar\u0131nda meydana geldi. Edinilen bilgiye g\u00f6re, M.G. idaresindeki 45 AJB 336 plakal\u0131 t\u0131r, s\u00fcr\u00fcc\u00fcs\u00fcn\u00fcn direksiyon hakimiyetini kaybetmesi sonucu kontrolden \u00e7\u0131karak \u015farampole devrildi. Kazada \u015fans eseri yaralanan olmazken ihbar \u00fczerine adrese jandarma ekipleri&#8230;<\/p>\n","protected":false},"author":1,"featured_media":82818,"comment_status":"open","ping_status":"open","sticky":false,"template":"","format":"standard","meta":{"_crdt_document":"","footnotes":""},"categories":[5],"tags":[],"class_list":["post-82817","post","type-post","status-publish","format-standard","has-post-thumbnail","hentry","category-asayis"],"_links":{"self":[{"href":"https:\/\/www.egemtv.com\/index.php?rest_route=\/wp\/v2\/posts\/82817","targetHints":{"allow":["GET"]}}],"collection":[{"href":"https:\/\/www.egemtv.com\/index.php?rest_route=\/wp\/v2\/posts"}],"about":[{"href":"https:\/\/www.egemtv.com\/index.php?rest_route=\/wp\/v2\/types\/post"}],"author":[{"embeddable":true,"href":"https:\/\/www.egemtv.com\/index.php?rest_route=\/wp\/v2\/users\/1"}],"replies":[{"embeddable":true,"href":"https:\/\/www.egemtv.com\/index.php?rest_route=%2Fwp%2Fv2%2Fcomments&post=82817"}],"version-history":[{"count":1,"href":"https:\/\/www.egemtv.com\/index.php?rest_route=\/wp\/v2\/posts\/82817\/revisions"}],"predecessor-version":[{"id":82819,"href":"https:\/\/www.egemtv.com\/index.php?rest_route=\/wp\/v2\/posts\/82817\/revisions\/82819"}],"wp:featuredmedia":[{"embeddable":true,"href":"https:\/\/www.egemtv.com\/index.php?rest_route=\/wp\/v2\/media\/82818"}],"wp:attachment":[{"href":"https:\/\/www.egemtv.com\/index.php?rest_route=%2Fwp%2Fv2%2Fmedia&parent=82817"}],"wp:term":[{"taxonomy":"category","embeddable":true,"href":"https:\/\/www.egemtv.com\/index.php?rest_route=%2Fwp%2Fv2%2Fcategories&post=82817"},{"taxonomy":"post_tag","embeddable":true,"href":"https:\/\/www.egemtv.com\/index.php?rest_route=%2Fwp%2Fv2%2Ftags&post=82817"}],"curies":[{"name":"wp","href":"https:\/\/api.w.org\/{rel}","templated":true}]}}