{"id":82814,"date":"2026-01-24T16:54:54","date_gmt":"2026-01-24T13:54:54","guid":{"rendered":"https:\/\/www.egemtv.com\/?p=82814"},"modified":"2026-01-24T16:54:55","modified_gmt":"2026-01-24T13:54:55","slug":"ugur-mumcu-salihlide-karanfillerle-anildi","status":"publish","type":"post","link":"https:\/\/www.egemtv.com\/?p=82814","title":{"rendered":"U\u011fur Mumcu, Salihli\u2019de karanfillerle an\u0131ld\u0131"},"content":{"rendered":"<p>Gazeteci ve yazar U\u011fur Mumcu, \u00f6l\u00fcm\u00fcn\u00fcn 33. y\u0131l\u0131nda Manisa\u2019n\u0131n Salihli il\u00e7esinde karanfillerle an\u0131ld\u0131.<br \/>\n<br \/>24 Ocak 1993 tarihinde Ankara\u2019da evinin \u00f6n\u00fcnde otomobiline yerle\u015ftirilen bomban\u0131n patlat\u0131lmas\u0131 sonucu ya\u015fam\u0131n\u0131 yitiren gazeteci ve yazar U\u011fur Mumcu i\u00e7in \u00f6l\u00fcm\u00fcn\u00fcn 33. y\u0131l d\u00f6n\u00fcm\u00fcnde Salihli\u2019de U\u011fur Mumcu Demokrasi Park\u0131\u2019nda anma t\u00f6reni d\u00fczenlendi.<br \/>\n<br \/>Sayg\u0131 duru\u015funda bulunulmas\u0131 ve \u0130stiklal Mar\u015f\u0131\u2019n\u0131n okunmas\u0131yla ba\u015flayan t\u00f6rene kat\u0131lanlar, Mumcu\u2019nun an\u0131t\u0131na karanfil b\u0131rakt\u0131.<br \/>\n<br \/>Anma program\u0131na Salihli Belediye Ba\u015fkan Yard\u0131mc\u0131lar\u0131 A. Yavuz \u00d6zdem ve \u0130. Hakk\u0131 Aslan, Ziraat Odas\u0131 Ba\u015fkan\u0131 Cem Yalva\u00e7, CHP \u0130l\u00e7e Ba\u015fkan\u0131 Mustafa \u00d6zer\u2019in yan\u0131 s\u0131ra sivil toplum \u00f6rg\u00fctleri ve \u00e7ok say\u0131da vatanda\u015f kat\u0131ld\u0131.<br \/><\/p>\n","protected":false},"excerpt":{"rendered":"<p>Gazeteci ve yazar U\u011fur Mumcu, \u00f6l\u00fcm\u00fcn\u00fcn 33. y\u0131l\u0131nda Manisa\u2019n\u0131n Salihli il\u00e7esinde karanfillerle an\u0131ld\u0131. 24 Ocak 1993 tarihinde Ankara\u2019da evinin \u00f6n\u00fcnde otomobiline yerle\u015ftirilen bomban\u0131n patlat\u0131lmas\u0131 sonucu ya\u015fam\u0131n\u0131 yitiren gazeteci ve yazar U\u011fur Mumcu i\u00e7in \u00f6l\u00fcm\u00fcn\u00fcn 33. y\u0131l d\u00f6n\u00fcm\u00fcnde Salihli\u2019de U\u011fur Mumcu Demokrasi Park\u0131\u2019nda anma t\u00f6reni d\u00fczenlendi. Sayg\u0131 duru\u015funda bulunulmas\u0131 ve \u0130stiklal Mar\u015f\u0131\u2019n\u0131n okunmas\u0131yla ba\u015flayan t\u00f6rene kat\u0131lanlar,&#8230;<\/p>\n","protected":false},"author":1,"featured_media":82815,"comment_status":"open","ping_status":"open","sticky":false,"template":"","format":"standard","meta":{"_crdt_document":"","footnotes":""},"categories":[123],"tags":[],"class_list":["post-82814","post","type-post","status-publish","format-standard","has-post-thumbnail","hentry","category-gundem"],"_links":{"self":[{"href":"https:\/\/www.egemtv.com\/index.php?rest_route=\/wp\/v2\/posts\/82814","targetHints":{"allow":["GET"]}}],"collection":[{"href":"https:\/\/www.egemtv.com\/index.php?rest_route=\/wp\/v2\/posts"}],"about":[{"href":"https:\/\/www.egemtv.com\/index.php?rest_route=\/wp\/v2\/types\/post"}],"author":[{"embeddable":true,"href":"https:\/\/www.egemtv.com\/index.php?rest_route=\/wp\/v2\/users\/1"}],"replies":[{"embeddable":true,"href":"https:\/\/www.egemtv.com\/index.php?rest_route=%2Fwp%2Fv2%2Fcomments&post=82814"}],"version-history":[{"count":1,"href":"https:\/\/www.egemtv.com\/index.php?rest_route=\/wp\/v2\/posts\/82814\/revisions"}],"predecessor-version":[{"id":82816,"href":"https:\/\/www.egemtv.com\/index.php?rest_route=\/wp\/v2\/posts\/82814\/revisions\/82816"}],"wp:featuredmedia":[{"embeddable":true,"href":"https:\/\/www.egemtv.com\/index.php?rest_route=\/wp\/v2\/media\/82815"}],"wp:attachment":[{"href":"https:\/\/www.egemtv.com\/index.php?rest_route=%2Fwp%2Fv2%2Fmedia&parent=82814"}],"wp:term":[{"taxonomy":"category","embeddable":true,"href":"https:\/\/www.egemtv.com\/index.php?rest_route=%2Fwp%2Fv2%2Fcategories&post=82814"},{"taxonomy":"post_tag","embeddable":true,"href":"https:\/\/www.egemtv.com\/index.php?rest_route=%2Fwp%2Fv2%2Ftags&post=82814"}],"curies":[{"name":"wp","href":"https:\/\/api.w.org\/{rel}","templated":true}]}}