{"id":82811,"date":"2026-01-24T16:35:03","date_gmt":"2026-01-24T13:35:03","guid":{"rendered":"https:\/\/www.egemtv.com\/?p=82811"},"modified":"2026-01-24T16:35:04","modified_gmt":"2026-01-24T13:35:04","slug":"cumhurbaskani-erdogan-bizimle-laf-degil-eser-hizmet-yaristirin","status":"publish","type":"post","link":"https:\/\/www.egemtv.com\/?p=82811","title":{"rendered":"Cumhurba\u015fkan\u0131 Erdo\u011fan: &#8220;Bizimle laf de\u011fil eser, hizmet yar\u0131\u015ft\u0131r\u0131n&#8221;"},"content":{"rendered":"<p>Ayd\u0131n\u2019dan CHP Genel Ba\u015fkan\u0131 \u00d6zg\u00fcr \u00d6zel\u2019e seslenen Cumhurba\u015fkan\u0131 Recep Tayyip Erdo\u011fan; &#8220;Bizimle laf de\u011fil eser, hizmet yar\u0131\u015ft\u0131r\u0131n&#8221; dedi.<br \/>\n<br \/>Ayd\u0131n \u015eehir Hastanesi ba\u015fta olmak \u00fczere il genelinde tamamlanan yat\u0131r\u0131mlar\u0131n toplu a\u00e7\u0131l\u0131\u015f\u0131 i\u00e7in Ayd\u0131n\u2019a gelen Cumhurba\u015fkan\u0131 Recep Tayyip Erdo\u011fan, t\u00f6ren alan\u0131nda Ayd\u0131nl\u0131larla bulu\u015ftu. T\u00f6rende, Cumhuriyet Halk Partisi (CHP) Genel Ba\u015fkan\u0131 \u00d6zg\u00fcr \u00d6zel\u2019e seslenen Cumhurba\u015fkan\u0131 Erdo\u011fan; &#8220;Bizimle laf de\u011fil eser, hizmet yar\u0131\u015ft\u0131r\u0131n&#8221; dedi.<br \/>\n<br \/>&#8220;Ev sahibi T\u00fcrkiye&#8221; projesi kapsam\u0131nda 6 bin 973 kura \u00e7ekiminin de yap\u0131ld\u0131\u011f\u0131 t\u00f6rende, her zaman vatanda\u015flara verdikleri s\u00f6zleri yerine getirdiklerini vurgulayan Erdo\u011fan, CHP Genel Ba\u015fkan\u0131 \u00d6zel\u2019in toplu konutlar\u0131n \u00fczerinden siyaset yapmaya \u00e7al\u0131\u015ft\u0131\u011f\u0131n\u0131 ve ba\u015far\u0131s\u0131z oldu\u011funu belirterek &#8220;\u015eimdi ana muhalefetin genel ba\u015fkan\u0131 \u00e7\u0131k\u0131p, \u2018Bu evleri bitiremezler\u2019 diyecektir. Kendisinin bile inanmad\u0131\u011f\u0131 bir s\u00fcr\u00fc arg\u00fcman\u0131 \u00f6ne s\u00fcrerek, bu evlerin neden yap\u0131lamad\u0131\u011f\u0131n\u0131 anlatmaya \u00e7al\u0131\u015facaklar. Bunu nereden mi biliyorum. \u00c7\u00fcnk\u00fc ayn\u0131s\u0131n\u0131 deprem b\u00f6lgesinde yapt\u0131. 6 \u015eubat depreminden sonra bize neler s\u00f6ylediler. \u2018Bunlar enkaz\u0131n alt\u0131nda kal\u0131r, evleri in\u015fa edemez\u2019 dediler. Ayn\u0131 \u015feyi \u0130zmir i\u00e7in de s\u00f6ylediler. \u0130zmir\u2019de depremde b\u00fct\u00fcn enkaz\u0131 kald\u0131rd\u0131k ve vatanda\u015flar\u0131m\u0131z\u0131 o konutlara yerle\u015ftirdik. D\u00fcnyan\u0131n en b\u00fcy\u00fck \u015fantiyesini deprem b\u00f6lgesinde kurarak 7\/24 \u00e7al\u0131\u015ft\u0131k. 27 Aral\u0131k\u2019ta, y\u0131l bitmeden evlerin anahtarlar\u0131n\u0131 Hatay\u2019da hak sahibi karde\u015flerimize teslim ettik. Milletimize s\u00f6z verdik, s\u00f6z\u00fcm\u00fcz\u00fc de yerine getirdik. Avrupa\u2019n\u0131n bile alt\u0131ndan kalkamayaca\u011f\u0131 bir y\u00fck\u00fc aln\u0131m\u0131z\u0131n ak\u0131yla s\u0131rtlad\u0131k. \u0130n\u015fallah Ayd\u0131n\u2019a gelip, yeni yuvalar\u0131na kavu\u015fan karde\u015flerimizin sevincini birlikte ya\u015fayaca\u011f\u0131z. Ge\u00e7enlerde CHP Genel Ba\u015fkan\u0131\u2019n\u0131n yolu Hatay\u2019a d\u00fc\u015fm\u00fc\u015f. Bakt\u0131m utanc\u0131n\u0131 gizlemeyi \u00e7al\u0131\u015f\u0131yor. Orada yap\u0131lan yerleri g\u00f6rd\u00fck\u00e7e, vakti zaman\u0131nda sarf etti\u011fi laflar akl\u0131na geliyor herhalde. Onun alt\u0131nda eziliyor. Bu zat depremin \u00fczerinden 3 y\u0131l ge\u00e7tikten sonra \u2018Deprem b\u00f6lgesini yaln\u0131z b\u0131rakmayaca\u011f\u0131z\u2019 diyor. 3 y\u0131ld\u0131r neredeydin \u00d6zg\u00fcr efendi. 455 bin konut yap\u0131l\u0131yorken sen ne ile me\u015fguld\u00fcn \u00d6zg\u00fcr efendi. Deprem b\u00f6lgesine sahip \u00e7\u0131kmak \u015fimdi mi akl\u0131n\u0131za geldi. Neredeyse 3 y\u0131ld\u0131r s\u00fcrecin hi\u00e7 bir yerinde yoktunuz. Daha yeni mi ay\u0131ld\u0131n\u0131z. Hep s\u00f6yl\u00fcyorum bunlar\u0131n \u00fclkede ne olup bitti\u011finden haberleri yok. Bunlar bizim verdi\u011fimiz s\u00f6zleri, kendi s\u00f6zleri gibi zannediyorlar. \u015eimdide emeklilerimiz \u00fczerinden bir istismar i\u00e7indeler. Y\u00f6nettikleri belediyelerde, i\u015f\u00e7ilere maa\u015f de\u011fil de har\u00e7l\u0131k verdikleri yetmezmi\u015f gibi emeklilerimizi k\u0131\u015fk\u0131rtmaya \u00e7al\u0131\u015f\u0131yorlar. Bunlar ya tropikal adalarda keyif \u00e7at\u0131yor ya da meclisi panay\u0131r yerine \u00e7eviriyorlar. Maalesef b\u00f6yle tutars\u0131zlar. Ne emekli ne maa\u015f yerine har\u00e7l\u0131k verdikleri i\u015f\u00e7iler umurlar\u0131nda. Bunlar\u0131n tek bildi\u011fi hakaret etmek, \u00e7amur atmak, kabir ba\u015f\u0131nda rak\u0131 i\u00e7ip tropik adalarda keyif \u00e7atmak. Biz eserlerimizle konu\u015fuyoruz. Yapt\u0131klar\u0131m\u0131zla konu\u015fuyoruz. Biz hizmetlerle, projelerle konu\u015fuyoruz. Bulabiliyorsan\u0131z siz de eserlerinizden bahsedin. \u015eayet varsa hizmetlerinizden bahsedin \u00d6zg\u00fcr efendi. Cesaretiniz varsa gelin ondan bahsedin. Bizimle laf de\u011fil eser, hizmet yar\u0131\u015ft\u0131r\u0131n. Nas\u0131l 455 bin konutu s\u00f6z verdi\u011fimiz gibi yapt\u0131ysak 500 bin konutu da ayn\u0131 h\u0131z ve kararl\u0131l\u0131kta in\u015fa edece\u011fiz&#8221; dedi.<\/p>\n<p>&#8220;\u00c7ok zorlu s\u00fcre\u00e7leri \u00e7ok ba\u015far\u0131l\u0131 bir \u015fekilde y\u00f6nettik&#8221;<br \/>\n<br \/>Ter\u00f6rs\u00fcz T\u00fcrkiye i\u00e7in her ad\u0131m\u0131 \u00f6l\u00e7\u00fcp bi\u00e7ip olan g\u00f6re hareket ettiklerini ve T\u00fcrkiye\u2019nin ehil kadrolar taraf\u0131ndan y\u00f6netildi\u011fini vurgulayan Erdo\u011fan; &#8220;\u0130kinci D\u00fcnya Sava\u015f\u0131 sonras\u0131nda kurulan k\u00fcresel nizam k\u00f6kten \u00e7at\u0131rd\u0131yor. Y\u0131llard\u0131r konforlu bir co\u011frafyan\u0131n tad\u0131n\u0131 \u00e7\u0131karan \u00fclkeler, ilk defa bizim y\u0131llard\u0131r u\u011fra\u015ft\u0131\u011f\u0131m\u0131z meselenin \u00e7ok k\u00fc\u00e7\u00fck bir k\u0131sm\u0131yla burun buruna gelmeye ba\u015flad\u0131lar. Yapt\u0131\u011f\u0131m\u0131z ele\u015ftirilen art\u0131k Bat\u0131 d\u00fcnyas\u0131nda da kar\u015f\u0131l\u0131k buldu\u011funu g\u00f6r\u00fcyoruz. Bug\u00fcn Bat\u0131l\u0131 liderler sistemin sorunlar\u0131ndan bahsediyor. Bizi ac\u0131mas\u0131zca ele\u015ftirenler bug\u00fcn bize hak veriyorlar. Ayn\u0131 durum Suriye i\u00e7in de ge\u00e7erlidir. Oradaki mazlumlara sahip \u00e7\u0131kt\u0131\u011f\u0131m\u0131z i\u00e7in \u2018T\u00fcrkiye orta do\u011fu batakl\u0131\u011f\u0131na saplan\u0131yor, yaln\u0131zla\u015f\u0131yor\u2019 dediler. Suriye\u2019de zalim rejim devrildi. T\u00fcrkiye\u2019nin \u00e7ok yak\u0131n dostu bir h\u00fck\u00fcmet geldi. \u00dclkemizin de g\u00fc\u00e7l\u00fc deste\u011fiyle Suriye h\u0131zla toparlan\u0131yor. 13,5 y\u0131ll\u0131k \u00e7at\u0131\u015fmalar\u0131n ard\u0131ndan g\u00fcvenlik ve istikrar yeniden sa\u011flan\u0131yor. Ter\u00f6r \u00f6rg\u00fctleri Suriye rejimi taraf\u0131ndan yava\u015f yava\u015f \u00e7\u0131kart\u0131l\u0131yor. T\u00fcrkmen karde\u015flerimiz ayn\u0131 \u015fekilde yeni y\u00f6netimde \u00e7ok \u00f6nemli g\u00f6revler \u00fcstleniyor. DEA\u015e denilen ter\u00f6r \u00f6rg\u00fct\u00fc ile m\u00fccadele eskisinden daha g\u00fc\u00e7l\u00fc, kararl\u0131 hale geliyor. B\u00f6lgemizde her t\u00fcrl\u00fc ter\u00f6r\u00fcn k\u00f6k\u00fc kurutuluyor. \u00dclkemiz i\u00e7in endi\u015fe kayna\u011f\u0131 olan sorunlar birer birer \u00e7\u00f6z\u00fcme kavu\u015fuyor. Halep\u2019te, Hama\u2019da, Afrin\u2019de, \u0130dlib\u2019te milyonlar c\u0131v\u0131l c\u0131v\u0131l T\u00fcrk\u00e7e konu\u015fuyor. T\u00fcrkiye\u2019yi konu\u015fuyor. Bize hay\u0131r dualar ediyor. \u0130n\u015fallah \u00e7ok daha iyi olacak. Suriye\u2019nin kuzeyindeki tehdit ortadan kalk\u0131nca, Suriye b\u00f6lgede refah alan\u0131na d\u00f6n\u00fc\u015ft\u00fck\u00e7e, hepimiz istifade edece\u011fiz. Bunun i\u00e7in \u00f6nce 86 milyon olarak birbirimize kenetlenece\u011fiz. Hep beraber T\u00fcrkiye olaca\u011f\u0131z. Unutmay\u0131n \u0130slam karde\u015fli\u011fi ortak paydas\u0131nda b\u00f6lgedeki halklarla bir araya gelece\u011fiz. Sab\u0131rl\u0131, so\u011fukkanl\u0131, oyuna gelmeyecek, fitne ate\u015fine kar\u015f\u0131 uyan\u0131k olaca\u011f\u0131z. Kutupla\u015fma hem bize hem b\u00f6lgemize ac\u0131dan ba\u015fka bir \u015fey getirmez. Sadece g\u00f6zya\u015f\u0131 getirir. H\u00fck\u00fcmet olarak, AK Parti ve Cumhur \u0130ttifak\u0131 olarak ne yapt\u0131\u011f\u0131m\u0131z\u0131 \u00e7ok iyi biliyoruz. Ter\u00f6rs\u00fcz T\u00fcrkiye s\u00fcrecinde att\u0131\u011f\u0131m\u0131z her ad\u0131m\u0131 \u00f6l\u00e7\u00fcp bi\u00e7ip ondan sonra harekete ge\u00e7iyoruz. \u00c7ok zorlu s\u00fcre\u00e7leri \u00e7ok ba\u015far\u0131l\u0131 bir \u015fekilde y\u00f6nettik. \u015eundan milletimiz emin olsun. T\u00fcrkiye ehil kadrolar\u0131n elindedir. Rabbim bizi hizmet yolundan ay\u0131rmas\u0131n&#8221; dedi.<br \/><\/p>\n","protected":false},"excerpt":{"rendered":"<p>Ayd\u0131n\u2019dan CHP Genel Ba\u015fkan\u0131 \u00d6zg\u00fcr \u00d6zel\u2019e seslenen Cumhurba\u015fkan\u0131 Recep Tayyip Erdo\u011fan; &#8220;Bizimle laf de\u011fil eser, hizmet yar\u0131\u015ft\u0131r\u0131n&#8221; dedi. Ayd\u0131n \u015eehir Hastanesi ba\u015fta olmak \u00fczere il genelinde tamamlanan yat\u0131r\u0131mlar\u0131n toplu a\u00e7\u0131l\u0131\u015f\u0131 i\u00e7in Ayd\u0131n\u2019a gelen Cumhurba\u015fkan\u0131 Recep Tayyip Erdo\u011fan, t\u00f6ren alan\u0131nda Ayd\u0131nl\u0131larla bulu\u015ftu. T\u00f6rende, Cumhuriyet Halk Partisi (CHP) Genel Ba\u015fkan\u0131 \u00d6zg\u00fcr \u00d6zel\u2019e seslenen Cumhurba\u015fkan\u0131 Erdo\u011fan; &#8220;Bizimle laf&#8230;<\/p>\n","protected":false},"author":1,"featured_media":82812,"comment_status":"open","ping_status":"open","sticky":false,"template":"","format":"standard","meta":{"_crdt_document":"","footnotes":""},"categories":[1],"tags":[],"class_list":["post-82811","post","type-post","status-publish","format-standard","has-post-thumbnail","hentry","category-guncel"],"_links":{"self":[{"href":"https:\/\/www.egemtv.com\/index.php?rest_route=\/wp\/v2\/posts\/82811","targetHints":{"allow":["GET"]}}],"collection":[{"href":"https:\/\/www.egemtv.com\/index.php?rest_route=\/wp\/v2\/posts"}],"about":[{"href":"https:\/\/www.egemtv.com\/index.php?rest_route=\/wp\/v2\/types\/post"}],"author":[{"embeddable":true,"href":"https:\/\/www.egemtv.com\/index.php?rest_route=\/wp\/v2\/users\/1"}],"replies":[{"embeddable":true,"href":"https:\/\/www.egemtv.com\/index.php?rest_route=%2Fwp%2Fv2%2Fcomments&post=82811"}],"version-history":[{"count":1,"href":"https:\/\/www.egemtv.com\/index.php?rest_route=\/wp\/v2\/posts\/82811\/revisions"}],"predecessor-version":[{"id":82813,"href":"https:\/\/www.egemtv.com\/index.php?rest_route=\/wp\/v2\/posts\/82811\/revisions\/82813"}],"wp:featuredmedia":[{"embeddable":true,"href":"https:\/\/www.egemtv.com\/index.php?rest_route=\/wp\/v2\/media\/82812"}],"wp:attachment":[{"href":"https:\/\/www.egemtv.com\/index.php?rest_route=%2Fwp%2Fv2%2Fmedia&parent=82811"}],"wp:term":[{"taxonomy":"category","embeddable":true,"href":"https:\/\/www.egemtv.com\/index.php?rest_route=%2Fwp%2Fv2%2Fcategories&post=82811"},{"taxonomy":"post_tag","embeddable":true,"href":"https:\/\/www.egemtv.com\/index.php?rest_route=%2Fwp%2Fv2%2Ftags&post=82811"}],"curies":[{"name":"wp","href":"https:\/\/api.w.org\/{rel}","templated":true}]}}