{"id":82808,"date":"2026-01-24T16:35:00","date_gmt":"2026-01-24T13:35:00","guid":{"rendered":"https:\/\/www.egemtv.com\/?p=82808"},"modified":"2026-01-24T16:35:02","modified_gmt":"2026-01-24T13:35:02","slug":"birlikte-parlayalim-minik-izleyicileriyle-bulusuyor","status":"publish","type":"post","link":"https:\/\/www.egemtv.com\/?p=82808","title":{"rendered":"Birlikte parlayal\u0131m minik izleyicileriyle bulu\u015fuyor"},"content":{"rendered":"<p>Alia\u011fa Belediyesi\u2019nin s\u00f6mestr \u00f6zel olarak d\u00fczenledi\u011fi Tiyatro G\u00fcnleri kapsam\u0131nda sahnelenen &#8220;Birlikte Parlayal\u0131m&#8221; oyunu, ilk g\u00f6steriminde yo\u011fun ilgi g\u00f6rd\u00fc. \u00c7ocuklar\u0131n b\u00fcy\u00fck be\u011fenisini kazanan oyun, 24 Ocak-1 \u015eubat 2026 tarihleri aras\u0131nda her g\u00fcn Alia\u011fa\u2019n\u0131n merkez ve \u00e7evre mahallelerinde \u00fccretsiz olarak sahnelenmeye devam ederek minik izleyicilerine tiyatro dolu bir ara tatil ya\u015fatacak.<br \/>\n<br \/>Alia\u011fa Belediyesi Orman Tiyatrosu, Alia\u011fa Belediye Tiyatrosu (ALBET)\u2019in b\u00fcnyesinde faaliyetlerine ba\u015flad\u0131. Tiyatronun ilk projesi, yazar ve y\u00f6netmenli\u011fini Alia\u011fa Belediye Tiyatrosu (ALBET) Sanat Y\u00f6netmeni Demet Bozkurt\u2019un yapt\u0131\u011f\u0131 \u2018Birlikte Parlayal\u0131m\u2019 oyunu oldu.  &#8220;Birlikte Parlayal\u0131m&#8221;, rekabet duygusuna kap\u0131lmadan dostlu\u011fu ve payla\u015fmay\u0131 merkeze al\u0131yor. Oyun, \u00e7ocuklara her bireyin kendine \u00f6zg\u00fc yeteneklere sahip oldu\u011fu ve bu yetenekler do\u011fru \u015fekilde bir araya geldi\u011finde harika i\u015fler ba\u015far\u0131labilece\u011fi mesaj\u0131n\u0131 veriyor.<\/p>\n<p>Tiyatroya \u00f6zel \u015fark\u0131 bestelendi<br \/>\n<br \/>Oyuncu kadrosu Alia\u011fa Sanat Evi (ASEV) kursiyerlerinden olu\u015fan oyun, \u00fc\u00e7 ki\u015filik bir ekip taraf\u0131ndan sahnelenirken, performansa oyuncular\u0131n canl\u0131 olarak \u00e7alaca\u011f\u0131 ukulele ve marakas e\u015flik ediyor. M\u00fczikal \u00f6gelerin de \u00f6n planda oldu\u011fu oyunda, s\u00f6z\u00fc ve bestesi Demet Bozkurt\u2019a ait &#8220;Parla&#8221; adl\u0131 \u015fark\u0131 da seslendirilerek izleyicilere ritim ve tiyatronun i\u00e7 i\u00e7e ge\u00e7ti\u011fi keyifli bir sahne deneyimi sunuluyor.<\/p>\n<p>Alia\u011fa\u2019da tiyatro i\u00e7in yeni bir d\u00f6nem<br \/>\n<br \/>ALBET Sanat Y\u00f6netmeni Demet Bozkurt, Alia\u011fa Belediyesi\u2019nin Orman Tiyatrosu projesi hakk\u0131nda \u015fu s\u00f6zleri s\u00f6yledi: &#8220;Alia\u011fa Belediyesi Orman Tiyatrosu kendi i\u00e7imizde olu\u015fturdu\u011fumuz yeni bir olu\u015fum. \u2018Birlikte Parlayal\u0131m\u2019 oyunumuzu ve gelecekteki di\u011fer oyunlar\u0131m\u0131z\u0131 \u00e7ocuklarla bulu\u015fturmak istiyoruz. Oyunumuzda ya\u015f s\u0131n\u0131r\u0131 yok. \u00c7ok k\u00fc\u00e7\u00fck seyircimiz i\u00e7in de g\u00f6rsel bir \u015f\u00f6len olu\u015fturabilir, hatta ebeveynlerin bile keyifle izleyebilece\u011fi bir oyun. Her konuda bize destek olan, \u00e7ocuk tiyatrosunun geli\u015fimine \u00f6nc\u00fcl\u00fck eden ve minik seyircimizi sanatla bulu\u015fmam\u0131za yard\u0131m eden Belediye Ba\u015fkan\u0131m\u0131z Serkan Acar\u2019a ve eme\u011fi ge\u00e7en herkese \u00e7ok te\u015fekk\u00fcr ederiz.&#8221;<br \/><\/p>\n","protected":false},"excerpt":{"rendered":"<p>Alia\u011fa Belediyesi\u2019nin s\u00f6mestr \u00f6zel olarak d\u00fczenledi\u011fi Tiyatro G\u00fcnleri kapsam\u0131nda sahnelenen &#8220;Birlikte Parlayal\u0131m&#8221; oyunu, ilk g\u00f6steriminde yo\u011fun ilgi g\u00f6rd\u00fc. \u00c7ocuklar\u0131n b\u00fcy\u00fck be\u011fenisini kazanan oyun, 24 Ocak-1 \u015eubat 2026 tarihleri aras\u0131nda her g\u00fcn Alia\u011fa\u2019n\u0131n merkez ve \u00e7evre mahallelerinde \u00fccretsiz olarak sahnelenmeye devam ederek minik izleyicilerine tiyatro dolu bir ara tatil ya\u015fatacak. Alia\u011fa Belediyesi Orman Tiyatrosu, Alia\u011fa Belediye&#8230;<\/p>\n","protected":false},"author":1,"featured_media":82809,"comment_status":"open","ping_status":"open","sticky":false,"template":"","format":"standard","meta":{"_crdt_document":"","footnotes":""},"categories":[1],"tags":[],"class_list":["post-82808","post","type-post","status-publish","format-standard","has-post-thumbnail","hentry","category-guncel"],"_links":{"self":[{"href":"https:\/\/www.egemtv.com\/index.php?rest_route=\/wp\/v2\/posts\/82808","targetHints":{"allow":["GET"]}}],"collection":[{"href":"https:\/\/www.egemtv.com\/index.php?rest_route=\/wp\/v2\/posts"}],"about":[{"href":"https:\/\/www.egemtv.com\/index.php?rest_route=\/wp\/v2\/types\/post"}],"author":[{"embeddable":true,"href":"https:\/\/www.egemtv.com\/index.php?rest_route=\/wp\/v2\/users\/1"}],"replies":[{"embeddable":true,"href":"https:\/\/www.egemtv.com\/index.php?rest_route=%2Fwp%2Fv2%2Fcomments&post=82808"}],"version-history":[{"count":1,"href":"https:\/\/www.egemtv.com\/index.php?rest_route=\/wp\/v2\/posts\/82808\/revisions"}],"predecessor-version":[{"id":82810,"href":"https:\/\/www.egemtv.com\/index.php?rest_route=\/wp\/v2\/posts\/82808\/revisions\/82810"}],"wp:featuredmedia":[{"embeddable":true,"href":"https:\/\/www.egemtv.com\/index.php?rest_route=\/wp\/v2\/media\/82809"}],"wp:attachment":[{"href":"https:\/\/www.egemtv.com\/index.php?rest_route=%2Fwp%2Fv2%2Fmedia&parent=82808"}],"wp:term":[{"taxonomy":"category","embeddable":true,"href":"https:\/\/www.egemtv.com\/index.php?rest_route=%2Fwp%2Fv2%2Fcategories&post=82808"},{"taxonomy":"post_tag","embeddable":true,"href":"https:\/\/www.egemtv.com\/index.php?rest_route=%2Fwp%2Fv2%2Ftags&post=82808"}],"curies":[{"name":"wp","href":"https:\/\/api.w.org\/{rel}","templated":true}]}}