{"id":82805,"date":"2026-01-24T16:15:23","date_gmt":"2026-01-24T13:15:23","guid":{"rendered":"https:\/\/www.egemtv.com\/?p=82805"},"modified":"2026-01-24T16:15:24","modified_gmt":"2026-01-24T13:15:24","slug":"torkuya-siyah-tabutlu-eylem","status":"publish","type":"post","link":"https:\/\/www.egemtv.com\/?p=82805","title":{"rendered":"TORKU\u2019ya siyah tabutlu eylem"},"content":{"rendered":"<p>TORKU taraf\u0131ndan i\u015fletilen Soma Termik Santrali\u2019nde \u00f6rg\u00fctl\u00fc bulunan TES-\u0130\u015e Sendikas\u0131, toplu i\u015f s\u00f6zle\u015fmesinden do\u011fan ge\u00e7mi\u015fe d\u00f6n\u00fck maa\u015f farklar\u0131n\u0131n tek seferde \u00f6denmemesine tepki g\u00f6steren i\u015f\u00e7iler santral \u00f6n\u00fcne siyah tabut ve siyah \u00e7elenk b\u0131rakt\u0131.<br \/>\n<br \/>TORKU taraf\u0131ndan i\u015fletilen Soma Termik Santrali\u2019nde \u00f6rg\u00fctl\u00fc TES-\u0130\u015e Sendikas\u0131, toplu i\u015f s\u00f6zle\u015fmesinden do\u011fan ge\u00e7mi\u015fe d\u00f6n\u00fck maa\u015f farklar\u0131n\u0131n taksitlendirilmesine kar\u015f\u0131 santral \u00f6n\u00fcnde siyah tabutlu eylem yapt\u0131. Sendika, &#8220;Bu bir l\u00fctuf de\u011fil, i\u015f\u00e7inin al\u0131n terinin geciktirilmesidir. \u0130\u015f\u00e7inin hakk\u0131 \u015firketin keyfine b\u0131rak\u0131lamaz&#8221; mesaj\u0131n\u0131 verdi.<br \/>\n<br \/>Eylemde konu\u015fan TES-\u0130\u015e Soma \u015eube Ba\u015fkan\u0131 Mustafa Girginler, i\u015f\u00e7ilerin al\u0131n terinin geciktirilmek istendi\u011fini belirterek sert a\u00e7\u0131klamalarda bulundu.<\/p>\n<p>&#8220;Bug\u00fcn buraya keyfimizden gelmedik&#8221;<br \/>\n<br \/>Eylemin bir tercih de\u011fil, zorunluluk oldu\u011funu vurgulayan Girginler, &#8220;De\u011ferli emek\u00e7i karde\u015flerim, bug\u00fcn burada keyfimizden toplanmad\u0131k. Bug\u00fcn burada hakk\u0131m\u0131z\u0131 istemek, al\u0131n terimizin hesab\u0131n\u0131 sormak i\u00e7in topland\u0131k. Bu santralde gecemizi g\u00fcnd\u00fcz\u00fcm\u00fcze katt\u0131k. So\u011fukta, s\u0131cakta, bayramda, tatilde \u00e7al\u0131\u015ft\u0131k. \u00dcrettik, kazand\u0131rd\u0131k, bu \u00e7ark d\u00f6ns\u00fcn diye omuz verdik&#8221; dedi.<\/p>\n<p>&#8220;Bu bir l\u00fctuf de\u011fil, hakk\u0131n geciktirilmesidir&#8221;<br \/>\n<br \/>Toplu i\u015f s\u00f6zle\u015fmesinden do\u011fan maa\u015f farklar\u0131n\u0131n taksitlendirilmek istenmesine tepki g\u00f6steren Girginler, &#8220;Toplu i\u015f s\u00f6zle\u015fmesinden do\u011fan ge\u00e7mi\u015fe d\u00f6n\u00fck \u00fccret farklar\u0131m\u0131z\u0131, kanunda yeri olmayan bir \u015fekilde tek seferde de\u011fil, \u00fc\u00e7 taksitte \u00f6demek istiyorlar. Buradan a\u00e7\u0131k\u00e7a s\u00f6yl\u00fcyorum: Bu bir l\u00fctuf de\u011fil, bu bir iyilik de\u011fil. Bu, i\u015f\u00e7inin al\u0131n terinin geciktirilmesidir&#8221; diye konu\u015ftu.<br \/>\n<br \/>Kanun ve s\u00f6zle\u015fmenin a\u00e7\u0131k oldu\u011funu ifade eden Girginler, i\u015fverenin keyfi tutumunu kabul etmeyeceklerini belirterek, &#8220;Kanun a\u00e7\u0131k, toplu s\u00f6zle\u015fme a\u00e7\u0131k, hak edi\u015fimiz a\u00e7\u0131k. Ama \u015firket \u2018Ben b\u00f6yle uygun g\u00f6rd\u00fcm\u2019 diyor. Biz de buradan diyoruz ki; i\u015f\u00e7inin hakk\u0131 \u015firketin keyfine b\u0131rak\u0131lamaz&#8221; ifadelerini kulland\u0131.<\/p>\n<p>Siyah tabut ve \u00e7elengin anlam\u0131<br \/>\n<br \/>Eylemde kullan\u0131lan siyah tabut ve siyah \u00e7elengin sembolik bir mesaj ta\u015f\u0131d\u0131\u011f\u0131n\u0131 dile getiren Girginler, &#8220;\u00d6n\u00fcm\u00fcze koydu\u011fumuz siyah tabut, eme\u011fin g\u00f6rmezden gelinmesini, i\u015f\u00e7inin hakk\u0131n\u0131n mezara g\u00f6m\u00fclmek istenmesini simgeliyor. Siyah \u00e7elenk ise adaletin geciktirilmesine ve eme\u011fin de\u011fersizle\u015ftirilmesine kar\u015f\u0131 bir uyar\u0131d\u0131r&#8221; dedi.<\/p>\n<p>&#8220;Hakk\u0131m\u0131z \u00f6denene kadar m\u00fccadele s\u00fcrecek&#8221;<br \/>\n<br \/>TES-\u0130\u015e Soma \u015eubesi olarak s\u00fcrecin takip\u00e7isi olacaklar\u0131n\u0131 vurgulayan Girginler, &#8220;Biz kavga etmeye, yak\u0131p y\u0131kmaya gelmedik. Ama susmaya da gelmedik. Hakk\u0131m\u0131z tam ve eksiksiz \u00f6denene kadar bu m\u00fccadele bitmeyecek. Bug\u00fcn buraday\u0131z, yar\u0131n daha kalabal\u0131k oluruz&#8221; \u015feklinde konu\u015ftu.<br \/>\n<br \/>Konu\u015fmas\u0131n\u0131 birlik ve dayan\u0131\u015fma vurgusuyla tamamlayan Girginler, &#8220;\u00c7\u00fcnk\u00fc biz bir araday\u0131z. \u00c7\u00fcnk\u00fc biz hakl\u0131y\u0131z. \u00c7\u00fcnk\u00fc eme\u011fin g\u00fcc\u00fc, sermayenin keyfinden b\u00fcy\u00fckt\u00fcr. Bu birlik bozulmad\u0131k\u00e7a hi\u00e7bir hak yerde kalmaz. Ya\u015fas\u0131n \u00f6rg\u00fctl\u00fc m\u00fccadelemiz, ya\u015fas\u0131n i\u015f\u00e7inin onurlu direni\u015fi&#8221; dedi.<br \/><\/p>\n","protected":false},"excerpt":{"rendered":"<p>TORKU taraf\u0131ndan i\u015fletilen Soma Termik Santrali\u2019nde \u00f6rg\u00fctl\u00fc bulunan TES-\u0130\u015e Sendikas\u0131, toplu i\u015f s\u00f6zle\u015fmesinden do\u011fan ge\u00e7mi\u015fe d\u00f6n\u00fck maa\u015f farklar\u0131n\u0131n tek seferde \u00f6denmemesine tepki g\u00f6steren i\u015f\u00e7iler santral \u00f6n\u00fcne siyah tabut ve siyah \u00e7elenk b\u0131rakt\u0131. TORKU taraf\u0131ndan i\u015fletilen Soma Termik Santrali\u2019nde \u00f6rg\u00fctl\u00fc TES-\u0130\u015e Sendikas\u0131, toplu i\u015f s\u00f6zle\u015fmesinden do\u011fan ge\u00e7mi\u015fe d\u00f6n\u00fck maa\u015f farklar\u0131n\u0131n taksitlendirilmesine kar\u015f\u0131 santral \u00f6n\u00fcnde siyah tabutlu&#8230;<\/p>\n","protected":false},"author":1,"featured_media":82806,"comment_status":"open","ping_status":"open","sticky":false,"template":"","format":"standard","meta":{"_crdt_document":"","footnotes":""},"categories":[125],"tags":[],"class_list":["post-82805","post","type-post","status-publish","format-standard","has-post-thumbnail","hentry","category-ekonomi"],"_links":{"self":[{"href":"https:\/\/www.egemtv.com\/index.php?rest_route=\/wp\/v2\/posts\/82805","targetHints":{"allow":["GET"]}}],"collection":[{"href":"https:\/\/www.egemtv.com\/index.php?rest_route=\/wp\/v2\/posts"}],"about":[{"href":"https:\/\/www.egemtv.com\/index.php?rest_route=\/wp\/v2\/types\/post"}],"author":[{"embeddable":true,"href":"https:\/\/www.egemtv.com\/index.php?rest_route=\/wp\/v2\/users\/1"}],"replies":[{"embeddable":true,"href":"https:\/\/www.egemtv.com\/index.php?rest_route=%2Fwp%2Fv2%2Fcomments&post=82805"}],"version-history":[{"count":1,"href":"https:\/\/www.egemtv.com\/index.php?rest_route=\/wp\/v2\/posts\/82805\/revisions"}],"predecessor-version":[{"id":82807,"href":"https:\/\/www.egemtv.com\/index.php?rest_route=\/wp\/v2\/posts\/82805\/revisions\/82807"}],"wp:featuredmedia":[{"embeddable":true,"href":"https:\/\/www.egemtv.com\/index.php?rest_route=\/wp\/v2\/media\/82806"}],"wp:attachment":[{"href":"https:\/\/www.egemtv.com\/index.php?rest_route=%2Fwp%2Fv2%2Fmedia&parent=82805"}],"wp:term":[{"taxonomy":"category","embeddable":true,"href":"https:\/\/www.egemtv.com\/index.php?rest_route=%2Fwp%2Fv2%2Fcategories&post=82805"},{"taxonomy":"post_tag","embeddable":true,"href":"https:\/\/www.egemtv.com\/index.php?rest_route=%2Fwp%2Fv2%2Ftags&post=82805"}],"curies":[{"name":"wp","href":"https:\/\/api.w.org\/{rel}","templated":true}]}}