{"id":82802,"date":"2026-01-24T15:34:59","date_gmt":"2026-01-24T12:34:59","guid":{"rendered":"https:\/\/www.egemtv.com\/?p=82802"},"modified":"2026-01-24T15:35:00","modified_gmt":"2026-01-24T12:35:00","slug":"seydikemerde-14-gundur-kayip-sahis-sag-bulundu","status":"publish","type":"post","link":"https:\/\/www.egemtv.com\/?p=82802","title":{"rendered":"Seydikemer\u2019de 14 g\u00fcnd\u00fcr kay\u0131p \u015fah\u0131s sa\u011f bulundu"},"content":{"rendered":"<p>Mu\u011fla\u2019n\u0131n Seydikemer il\u00e7esinde 14 g\u00fcn \u00f6nce evinden ayr\u0131ld\u0131ktan sonra kendisinden haber al\u0131namayan 43 ya\u015f\u0131ndaki \u015eakir \u015eunka, y\u00fcr\u00fct\u00fclen arama \u00e7al\u0131\u015fmalar\u0131 sonucu sa\u011f olarak bulundu.<br \/>\n<br \/>\u00c7aykenar\u0131 Mahallesi\u2019nde ya\u015fayan \u015eakir \u015eunka, 10 Ocak\u2019ta evinden ayr\u0131ld\u0131ktan sonra geri d\u00f6nmedi. Telefonla da ula\u015f\u0131lamayan \u015eunka i\u00e7in ailesi 16 Ocak\u2019ta jandarmaya kay\u0131p ba\u015fvurusunda bulundu.<br \/>\n<br \/>Yap\u0131lan ara\u015ft\u0131rmalar sonucu \u015eunka\u2019n\u0131n arac\u0131n\u0131n Bay\u0131r Mahallesi yak\u0131nlar\u0131nda g\u00f6r\u00fcld\u00fc\u011f\u00fcn\u00fcn tespit edilmesi \u00fczerine b\u00f6lgede geni\u015f \u00e7apl\u0131 arama \u00e7al\u0131\u015fmas\u0131 ba\u015flat\u0131ld\u0131. \u00c7al\u0131\u015fmalara jandarma ekiplerinin yan\u0131 s\u0131ra orman ekipleri, AFAD ve g\u00f6n\u00fcll\u00fcler de destek verdi.<br \/>\n<br \/>Ekiplerin ormanl\u0131k alanda y\u00fcr\u00fctt\u00fc\u011f\u00fc \u00e7al\u0131\u015fmalar sonucunda \u015eakir \u015eunka Bay\u0131r Mahallesi k\u0131rsal\u0131ndaki ormanl\u0131k b\u00f6lgede sa\u011f olarak bulundu. \u015eunka\u2019n\u0131n genel sa\u011fl\u0131k durumunun iyi oldu\u011fu \u00f6\u011frenildi.<\/p>\n","protected":false},"excerpt":{"rendered":"<p>Mu\u011fla\u2019n\u0131n Seydikemer il\u00e7esinde 14 g\u00fcn \u00f6nce evinden ayr\u0131ld\u0131ktan sonra kendisinden haber al\u0131namayan 43 ya\u015f\u0131ndaki \u015eakir \u015eunka, y\u00fcr\u00fct\u00fclen arama \u00e7al\u0131\u015fmalar\u0131 sonucu sa\u011f olarak bulundu. \u00c7aykenar\u0131 Mahallesi\u2019nde ya\u015fayan \u015eakir \u015eunka, 10 Ocak\u2019ta evinden ayr\u0131ld\u0131ktan sonra geri d\u00f6nmedi. Telefonla da ula\u015f\u0131lamayan \u015eunka i\u00e7in ailesi 16 Ocak\u2019ta jandarmaya kay\u0131p ba\u015fvurusunda bulundu. Yap\u0131lan ara\u015ft\u0131rmalar sonucu \u015eunka\u2019n\u0131n arac\u0131n\u0131n Bay\u0131r Mahallesi yak\u0131nlar\u0131nda&#8230;<\/p>\n","protected":false},"author":1,"featured_media":82803,"comment_status":"open","ping_status":"open","sticky":false,"template":"","format":"standard","meta":{"_crdt_document":"","footnotes":""},"categories":[5],"tags":[],"class_list":["post-82802","post","type-post","status-publish","format-standard","has-post-thumbnail","hentry","category-asayis"],"_links":{"self":[{"href":"https:\/\/www.egemtv.com\/index.php?rest_route=\/wp\/v2\/posts\/82802","targetHints":{"allow":["GET"]}}],"collection":[{"href":"https:\/\/www.egemtv.com\/index.php?rest_route=\/wp\/v2\/posts"}],"about":[{"href":"https:\/\/www.egemtv.com\/index.php?rest_route=\/wp\/v2\/types\/post"}],"author":[{"embeddable":true,"href":"https:\/\/www.egemtv.com\/index.php?rest_route=\/wp\/v2\/users\/1"}],"replies":[{"embeddable":true,"href":"https:\/\/www.egemtv.com\/index.php?rest_route=%2Fwp%2Fv2%2Fcomments&post=82802"}],"version-history":[{"count":1,"href":"https:\/\/www.egemtv.com\/index.php?rest_route=\/wp\/v2\/posts\/82802\/revisions"}],"predecessor-version":[{"id":82804,"href":"https:\/\/www.egemtv.com\/index.php?rest_route=\/wp\/v2\/posts\/82802\/revisions\/82804"}],"wp:featuredmedia":[{"embeddable":true,"href":"https:\/\/www.egemtv.com\/index.php?rest_route=\/wp\/v2\/media\/82803"}],"wp:attachment":[{"href":"https:\/\/www.egemtv.com\/index.php?rest_route=%2Fwp%2Fv2%2Fmedia&parent=82802"}],"wp:term":[{"taxonomy":"category","embeddable":true,"href":"https:\/\/www.egemtv.com\/index.php?rest_route=%2Fwp%2Fv2%2Fcategories&post=82802"},{"taxonomy":"post_tag","embeddable":true,"href":"https:\/\/www.egemtv.com\/index.php?rest_route=%2Fwp%2Fv2%2Ftags&post=82802"}],"curies":[{"name":"wp","href":"https:\/\/api.w.org\/{rel}","templated":true}]}}